{"id":918,"date":"2012-08-30T00:29:43","date_gmt":"2012-08-29T22:29:43","guid":{"rendered":"http:\/\/aplccorp.com\/voyages\/?p=918"},"modified":"2015-01-17T16:41:49","modified_gmt":"2015-01-17T14:41:49","slug":"ile-de-cres-labin-pazin-mestre","status":"publish","type":"post","link":"https:\/\/aplccorp.com\/voyages\/?p=918","title":{"rendered":"Ile de Cres &#8211; Labin &#8211; Pazin &#8211; Mestre"},"content":{"rendered":"<p>Notre spot de la nuit, malgr\u00e9 l&rsquo;attaque sournoise des deux moutons, s&rsquo;est av\u00e9r\u00e9 tr\u00e8s calme. Au petit matin, en ouvrant la porte, et en d\u00e9couvrant le spectacle (juste au dessus des buissons), on ne peut qu&rsquo;\u00eatre \u00e9merveill\u00e9 :<\/p>\n<p><a href=\"http:\/\/aplccorp.com\/voyages\/wp-content\/uploads\/2012\/08\/IMG_04911.jpg\"><img loading=\"lazy\" decoding=\"async\" class=\"aligncenter size-full wp-image-921\" title=\"IMG_0491\" src=\"http:\/\/aplccorp.com\/voyages\/wp-content\/uploads\/2012\/08\/IMG_04911.jpg\" alt=\"\" width=\"650\" height=\"433\" srcset=\"https:\/\/aplccorp.com\/voyages\/wp-content\/uploads\/2012\/08\/IMG_04911.jpg 650w, https:\/\/aplccorp.com\/voyages\/wp-content\/uploads\/2012\/08\/IMG_04911-300x200.jpg 300w\" sizes=\"auto, (max-width: 650px) 100vw, 650px\" \/><\/a><\/p>\n<p>Avant d&rsquo;attaquer la route du retour (un peu aujourd&rsquo;hui, mais surtout demain), nous (enfin, surtout Poupoussy &#8211; moi je supervise les travaux et prend des photos :D) faisons une petite v\u00e9rification de routine : niveau d&rsquo;huile et d&rsquo;eau dans le radiateur. Tout semble en ordre.<\/p>\n<p><a href=\"http:\/\/aplccorp.com\/voyages\/wp-content\/uploads\/2012\/08\/IMG_0494.jpg\"><img loading=\"lazy\" decoding=\"async\" class=\"aligncenter size-full wp-image-922\" title=\"IMG_0494\" src=\"http:\/\/aplccorp.com\/voyages\/wp-content\/uploads\/2012\/08\/IMG_0494.jpg\" alt=\"\" width=\"650\" height=\"433\" srcset=\"https:\/\/aplccorp.com\/voyages\/wp-content\/uploads\/2012\/08\/IMG_0494.jpg 650w, https:\/\/aplccorp.com\/voyages\/wp-content\/uploads\/2012\/08\/IMG_0494-300x200.jpg 300w\" sizes=\"auto, (max-width: 650px) 100vw, 650px\" \/><\/a><\/p>\n<p>Nous continuons donc notre ballade sur l&rsquo;\u00eele de Cres, en descendant au village de Lubenice. Ce petit village a une histoire de plus de 4000 ans. Il comptait jadis plus de 300 habitants, mais au dernier recensement ils ne seraient plus que 17 \u00e0 y habiter de mani\u00e8re r\u00e9guli\u00e8re. Le village est perch\u00e9 sur une colline de 378m au dessus du niveau de la mer. Il se visite en quelques minutes<\/p>\n<p><a href=\"http:\/\/aplccorp.com\/voyages\/wp-content\/uploads\/2012\/08\/IMG_0499.jpg\"><img loading=\"lazy\" decoding=\"async\" class=\"aligncenter size-full wp-image-923\" title=\"IMG_0499\" src=\"http:\/\/aplccorp.com\/voyages\/wp-content\/uploads\/2012\/08\/IMG_0499.jpg\" alt=\"\" width=\"650\" height=\"433\" srcset=\"https:\/\/aplccorp.com\/voyages\/wp-content\/uploads\/2012\/08\/IMG_0499.jpg 650w, https:\/\/aplccorp.com\/voyages\/wp-content\/uploads\/2012\/08\/IMG_0499-300x200.jpg 300w\" sizes=\"auto, (max-width: 650px) 100vw, 650px\" \/><\/a><\/p>\n<p>Vue du village<\/p>\n<p><a href=\"http:\/\/aplccorp.com\/voyages\/wp-content\/uploads\/2012\/08\/IMG_0501.jpg\"><img loading=\"lazy\" decoding=\"async\" class=\"aligncenter size-full wp-image-924\" title=\"IMG_0501\" src=\"http:\/\/aplccorp.com\/voyages\/wp-content\/uploads\/2012\/08\/IMG_0501.jpg\" alt=\"\" width=\"433\" height=\"650\" srcset=\"https:\/\/aplccorp.com\/voyages\/wp-content\/uploads\/2012\/08\/IMG_0501.jpg 433w, https:\/\/aplccorp.com\/voyages\/wp-content\/uploads\/2012\/08\/IMG_0501-200x300.jpg 200w\" sizes=\"auto, (max-width: 433px) 100vw, 433px\" \/><\/a><\/p>\n<p>Son clocher<\/p>\n<p><a href=\"http:\/\/aplccorp.com\/voyages\/wp-content\/uploads\/2012\/08\/IMG_0502.jpg\"><img loading=\"lazy\" decoding=\"async\" class=\"aligncenter size-full wp-image-925\" title=\"IMG_0502\" src=\"http:\/\/aplccorp.com\/voyages\/wp-content\/uploads\/2012\/08\/IMG_0502.jpg\" alt=\"\" width=\"650\" height=\"433\" srcset=\"https:\/\/aplccorp.com\/voyages\/wp-content\/uploads\/2012\/08\/IMG_0502.jpg 650w, https:\/\/aplccorp.com\/voyages\/wp-content\/uploads\/2012\/08\/IMG_0502-300x200.jpg 300w\" sizes=\"auto, (max-width: 650px) 100vw, 650px\" \/><\/a><\/p>\n<p>Sa place centrale<\/p>\n<p><a href=\"http:\/\/aplccorp.com\/voyages\/wp-content\/uploads\/2012\/08\/IMG_0503.jpg\"><img loading=\"lazy\" decoding=\"async\" class=\"aligncenter size-full wp-image-926\" title=\"IMG_0503\" src=\"http:\/\/aplccorp.com\/voyages\/wp-content\/uploads\/2012\/08\/IMG_0503.jpg\" alt=\"\" width=\"433\" height=\"650\" srcset=\"https:\/\/aplccorp.com\/voyages\/wp-content\/uploads\/2012\/08\/IMG_0503.jpg 433w, https:\/\/aplccorp.com\/voyages\/wp-content\/uploads\/2012\/08\/IMG_0503-200x300.jpg 200w\" sizes=\"auto, (max-width: 433px) 100vw, 433px\" \/><\/a><\/p>\n<p>Quelques ruines<\/p>\n<p><a href=\"http:\/\/aplccorp.com\/voyages\/wp-content\/uploads\/2012\/08\/IMG_0505.jpg\"><img loading=\"lazy\" decoding=\"async\" class=\"aligncenter size-full wp-image-927\" title=\"IMG_0505\" src=\"http:\/\/aplccorp.com\/voyages\/wp-content\/uploads\/2012\/08\/IMG_0505.jpg\" alt=\"\" width=\"650\" height=\"433\" srcset=\"https:\/\/aplccorp.com\/voyages\/wp-content\/uploads\/2012\/08\/IMG_0505.jpg 650w, https:\/\/aplccorp.com\/voyages\/wp-content\/uploads\/2012\/08\/IMG_0505-300x200.jpg 300w\" sizes=\"auto, (max-width: 650px) 100vw, 650px\" \/><\/a><\/p>\n<p>Et des petites criques accessibles en bateau (ou via un chemin qui semble agr\u00e9able en descendant, mais crevant en montant)<\/p>\n<p>Pour y acc\u00e9der, on doit prendre de petites routes sinueuses et \u00e9troites, bord\u00e9es d&rsquo;anciens murs de pierre&#8230; On se croirait un peu dans Colin McRae Rally \ud83d\ude42<\/p>\n<p><iframe loading=\"lazy\" src=\"http:\/\/www.youtube.com\/embed\/vJPUy_2FOc8\" width=\"420\" height=\"315\" frameborder=\"0\"><\/iframe><\/p>\n<p>Nous revenons ensuite \u00e0 Cres pour prendre un p&rsquo;tit caf\u00e9 dans le port, au bord de l&rsquo;eau, et pour mettre \u00e0 jour le blog dans sur un hotspot que nous avions rep\u00e9r\u00e9 la veille.<\/p>\n<p><a href=\"http:\/\/aplccorp.com\/voyages\/wp-content\/uploads\/2012\/08\/IMG_0511.jpg\"><img loading=\"lazy\" decoding=\"async\" class=\"aligncenter size-full wp-image-928\" title=\"IMG_0511\" src=\"http:\/\/aplccorp.com\/voyages\/wp-content\/uploads\/2012\/08\/IMG_0511.jpg\" alt=\"\" width=\"650\" height=\"433\" srcset=\"https:\/\/aplccorp.com\/voyages\/wp-content\/uploads\/2012\/08\/IMG_0511.jpg 650w, https:\/\/aplccorp.com\/voyages\/wp-content\/uploads\/2012\/08\/IMG_0511-300x200.jpg 300w\" sizes=\"auto, (max-width: 650px) 100vw, 650px\" \/><\/a><\/p>\n<p>Toujours le port de Cres<\/p>\n<p>Nous d\u00e9collons ensuite vers 11h pour tenter de choper le ferry de 12h00. Il n&rsquo;y a en effet des ferries que toutes les heures et demi, et comme on s&rsquo;est fix\u00e9 un programme assez ambitieux pour la journ\u00e9e (finir l&rsquo;\u00eele de Cres, et faire un tour en Istrie avant de repasser la fronti\u00e8re Slov\u00e8ne puis Italienne), on n&rsquo;aimerais pas le rater. Sur la route, on est coinc\u00e9s derri\u00e8re de gros camping-cars qui roulent doucement, du coup on arrive un peu juste pour le ferry de 12h. On pense d&rsquo;ailleurs qu&rsquo;on ne pourra pas monter vu le monde qui attend avant nous. Mais au final, \u00e7a passe (notamment parce que le ferry avait plus d&rsquo;un tour dans son sac : il y&rsquo;a un sous-sol o\u00f9 il peut loger plein de v\u00e9hicules!)<\/p>\n<p>Nous entamons donc notre ballade en Istrie. Cette r\u00e9gion est r\u00e9put\u00e9e pour ses plages qui attirent des touristes de l&rsquo;Europe enti\u00e8re (notamment allemands et autrichiens), en particuliers les naturistes, ainsi que pour son arri\u00e8re pays couvert de for\u00eats et de villages authentiques. Nous d\u00e9cidons de commencer par les villages authentiques (on verra pour les plages naturistes plus tard&#8230; ;))<\/p>\n<p>Le premier que nous visitons est le village de Labin. Ce village se trouve au sud-est de l&rsquo;Istrie \u00e0 5km du port de Rabac. Le village date du Moyen Age avec la porte de la ville du XV siecle et la loge de XVII siecle, orn\u00e9e des armoiries de la noblesse v\u00e9nitienne.<\/p>\n<p><a href=\"http:\/\/aplccorp.com\/voyages\/wp-content\/uploads\/2012\/08\/IMG_0518.jpg\"><img loading=\"lazy\" decoding=\"async\" class=\"aligncenter size-full wp-image-929\" title=\"IMG_0518\" src=\"http:\/\/aplccorp.com\/voyages\/wp-content\/uploads\/2012\/08\/IMG_0518.jpg\" alt=\"\" width=\"650\" height=\"433\" srcset=\"https:\/\/aplccorp.com\/voyages\/wp-content\/uploads\/2012\/08\/IMG_0518.jpg 650w, https:\/\/aplccorp.com\/voyages\/wp-content\/uploads\/2012\/08\/IMG_0518-300x200.jpg 300w\" sizes=\"auto, (max-width: 650px) 100vw, 650px\" \/><\/a><\/p>\n<p>Nous nous arr\u00eatons dans le petit resto de la place centrale pour go\u00fbter \u00e0 la sp\u00e9cialit\u00e9 locale : les p\u00e2tes (fraiches) aux truffes. On en trouve plein dans la r\u00e9gio. D\u00e9licieux!<\/p>\n<p>Nous continuons notre route en direction du nord et passons \u00e0 c\u00f4t\u00e9 d&rsquo;autres villages perch\u00e9s sur des collines (c&rsquo;est la mode ici on dirait).<\/p>\n<p><a href=\"http:\/\/aplccorp.com\/voyages\/wp-content\/uploads\/2012\/08\/IMG_0523.jpg\"><img loading=\"lazy\" decoding=\"async\" class=\"aligncenter size-full wp-image-930\" title=\"IMG_0523\" src=\"http:\/\/aplccorp.com\/voyages\/wp-content\/uploads\/2012\/08\/IMG_0523.jpg\" alt=\"\" width=\"650\" height=\"433\" srcset=\"https:\/\/aplccorp.com\/voyages\/wp-content\/uploads\/2012\/08\/IMG_0523.jpg 650w, https:\/\/aplccorp.com\/voyages\/wp-content\/uploads\/2012\/08\/IMG_0523-300x200.jpg 300w\" sizes=\"auto, (max-width: 650px) 100vw, 650px\" \/><\/a><\/p>\n<p>Arriv\u00e9s \u00e0 Pazin pour visiter la ville (notamment son chateau perch\u00e9 au dessus d&rsquo;un foss\u00e9 de 120m), nous pr\u00e9f\u00e9rons profiter d&rsquo;une petite sieste digestive sous les arbres faisant face \u00e0 la biblioth\u00e8que municipale. Chacun install\u00e9 sur son banc, nous passons 1h ainsi. Tant pis pour le chateau, on reviendra.<\/p>\n<p>En sortant, nous faisons une petite halte dans un supermarch\u00e9 pour acheter du Atnaf bleu (d&rsquo;ailleurs, les fid\u00e8les lecteurs sont invit\u00e9s \u00e0 venir go\u00fbter cette boisson lors de leurs prochain passage chez nous!), ainsi que quelques bi\u00e8res locales qui nous ont bien pl\u00fb (la Karlovacko Radler notamment!)<\/p>\n<p><a href=\"http:\/\/aplccorp.com\/voyages\/wp-content\/uploads\/2012\/08\/IMG_1928.jpg\"><img loading=\"lazy\" decoding=\"async\" class=\"aligncenter size-full wp-image-935\" title=\"IMG_1928\" src=\"http:\/\/aplccorp.com\/voyages\/wp-content\/uploads\/2012\/08\/IMG_1928.jpg\" alt=\"\" width=\"488\" height=\"650\" srcset=\"https:\/\/aplccorp.com\/voyages\/wp-content\/uploads\/2012\/08\/IMG_1928.jpg 488w, https:\/\/aplccorp.com\/voyages\/wp-content\/uploads\/2012\/08\/IMG_1928-225x300.jpg 225w\" sizes=\"auto, (max-width: 488px) 100vw, 488px\" \/><\/a><\/p>\n<p>Nous prenons ensuite la route en direction de la Slov\u00e9nie que nous devons traverser avant d&rsquo;arriver en Italie. Nous d\u00e9cidons de prendre une route secondaire pour \u00e0 la fois \u00e9viter d&rsquo;avoir \u00e0 attendre trop longtemps \u00e0 un poste de douane (nous avions vu beaucoup de monde \u00e0 l&rsquo;aller), mais aussi pour profiter du paysage et \u00e9viter les autoroutes.<\/p>\n<p>La route que nous prenons est magnifique, passe dans la foret, puis surplombe la vall\u00e9e o\u00f9 on aper\u00e7oit quelques villages au loin. En arrivant au poste de douane, le douanier, fort sympathique au demeurant, nous explique gentiment qu&rsquo;il s&rsquo;agit d&rsquo;un poste de douane r\u00e9serv\u00e9 aux \u00ab\u00a0locaux\u00a0\u00bb, et qu&rsquo;il ne peut pas nous laisser passer en Slov\u00e9nie&#8230; Il nous montre sur la carte comment rejoindre le poste de douane \u00ab\u00a0international\u00a0\u00bb, situ\u00e9 \u00e0 une 15aine de minutes d&rsquo;ici. Nous rebroussons chemin et nous mettons \u00e0 la recherche du poste de douane qui nous a \u00e9t\u00e9 indiqu\u00e9.<\/p>\n<p><a href=\"http:\/\/aplccorp.com\/voyages\/wp-content\/uploads\/2012\/08\/IMG_0525.jpg\"><img loading=\"lazy\" decoding=\"async\" class=\"aligncenter size-full wp-image-931\" title=\"IMG_0525\" src=\"http:\/\/aplccorp.com\/voyages\/wp-content\/uploads\/2012\/08\/IMG_0525.jpg\" alt=\"\" width=\"650\" height=\"433\" srcset=\"https:\/\/aplccorp.com\/voyages\/wp-content\/uploads\/2012\/08\/IMG_0525.jpg 650w, https:\/\/aplccorp.com\/voyages\/wp-content\/uploads\/2012\/08\/IMG_0525-300x200.jpg 300w\" sizes=\"auto, (max-width: 650px) 100vw, 650px\" \/><\/a><\/p>\n<p>Bien s\u00fbr, notre carte n&rsquo;\u00e9tant pas aussi d\u00e9taill\u00e9e que celle du douanier, et les panneaux manquant cruellement dans la r\u00e9gion, nous nous perdons un peu dans les petits villages croates avant de finalement trouver la bonne direction&#8230;<\/p>\n<p><a href=\"http:\/\/aplccorp.com\/voyages\/wp-content\/uploads\/2012\/08\/IMG_0526.jpg\"><img loading=\"lazy\" decoding=\"async\" class=\"aligncenter size-full wp-image-932\" title=\"IMG_0526\" src=\"http:\/\/aplccorp.com\/voyages\/wp-content\/uploads\/2012\/08\/IMG_0526.jpg\" alt=\"\" width=\"433\" height=\"650\" srcset=\"https:\/\/aplccorp.com\/voyages\/wp-content\/uploads\/2012\/08\/IMG_0526.jpg 433w, https:\/\/aplccorp.com\/voyages\/wp-content\/uploads\/2012\/08\/IMG_0526-200x300.jpg 200w\" sizes=\"auto, (max-width: 433px) 100vw, 433px\" \/><\/a><\/p>\n<p>Nous avons fait demi tour devant cette \u00e9glise qui \u00e9tait situ\u00e9e au bout d&rsquo;un long chemin qui menait&#8230; uniquement \u00e0 cette \u00e9glise !<\/p>\n<p>On a m\u00eame trouv\u00e9 une station service pour faire le plein avec de passer en Italie (les prix du gazoil sont d\u00e9lirants l\u00e0 bas : plus de 1.75\u20ac le litre!)<\/p>\n<p><a href=\"http:\/\/aplccorp.com\/voyages\/wp-content\/uploads\/2012\/08\/IMG_1930.jpg\"><img loading=\"lazy\" decoding=\"async\" class=\"aligncenter size-full wp-image-936\" title=\"IMG_1930\" src=\"http:\/\/aplccorp.com\/voyages\/wp-content\/uploads\/2012\/08\/IMG_1930.jpg\" alt=\"\" width=\"650\" height=\"433\" srcset=\"https:\/\/aplccorp.com\/voyages\/wp-content\/uploads\/2012\/08\/IMG_1930.jpg 650w, https:\/\/aplccorp.com\/voyages\/wp-content\/uploads\/2012\/08\/IMG_1930-300x200.jpg 300w\" sizes=\"auto, (max-width: 650px) 100vw, 650px\" \/><\/a><\/p>\n<p>Au passage, on a remarqu\u00e9 dans beaucoup de stations service en Croatie, des jeunes filles courtement v\u00eatues qui proposent leurs services pour&#8230; nettoyer les pares brises des voitures&#8230; \u00c7a doit \u00eatre un fantasme croate que de se faire astiquer le pare-brise par de jeunes filles en short&#8230;<\/p>\n<p>La suite, c&rsquo;est autoroute en Italie, puis arr\u00eat \u00e0 Mestre, juste \u00e0 c\u00f4t\u00e9 de Venise, pour retrouver l&rsquo;hotel que nous avions r\u00e9serv\u00e9 le matin (depuis le Hotspot de Cres). On est trop claqu\u00e9s pour faire un tour \u00e0 Venise (alors que la ville n&rsquo;est qu&rsquo;\u00e0 quelques minutes d&rsquo;ici). \u00e7a aussi ce sera pour une prochaine fois&#8230;<\/p>\n","protected":false},"excerpt":{"rendered":"<p>Notre spot de la nuit, malgr\u00e9 l&rsquo;attaque sournoise des deux moutons, s&rsquo;est av\u00e9r\u00e9 tr\u00e8s calme. Au petit matin, en ouvrant la porte, et en d\u00e9couvrant le spectacle (juste au dessus des buissons), on ne peut qu&rsquo;\u00eatre \u00e9merveill\u00e9 : Avant d&rsquo;attaquer la route du retour (un peu aujourd&rsquo;hui, mais surtout demain), nous (enfin, surtout Poupoussy &#8211; [&hellip;]<\/p>\n","protected":false},"author":1,"featured_media":929,"comment_status":"open","ping_status":"open","sticky":false,"template":"","format":"gallery","meta":{"_jetpack_memberships_contains_paid_content":false,"footnotes":""},"categories":[7],"tags":[],"class_list":["post-918","post","type-post","status-publish","format-gallery","has-post-thumbnail","hentry","category-croatie-2012","post_format-post-format-gallery"],"jetpack_featured_media_url":"https:\/\/aplccorp.com\/voyages\/wp-content\/uploads\/2012\/08\/IMG_0518.jpg","jetpack_sharing_enabled":true,"_links":{"self":[{"href":"https:\/\/aplccorp.com\/voyages\/index.php?rest_route=\/wp\/v2\/posts\/918","targetHints":{"allow":["GET"]}}],"collection":[{"href":"https:\/\/aplccorp.com\/voyages\/index.php?rest_route=\/wp\/v2\/posts"}],"about":[{"href":"https:\/\/aplccorp.com\/voyages\/index.php?rest_route=\/wp\/v2\/types\/post"}],"author":[{"embeddable":true,"href":"https:\/\/aplccorp.com\/voyages\/index.php?rest_route=\/wp\/v2\/users\/1"}],"replies":[{"embeddable":true,"href":"https:\/\/aplccorp.com\/voyages\/index.php?rest_route=%2Fwp%2Fv2%2Fcomments&post=918"}],"version-history":[{"count":7,"href":"https:\/\/aplccorp.com\/voyages\/index.php?rest_route=\/wp\/v2\/posts\/918\/revisions"}],"predecessor-version":[{"id":1603,"href":"https:\/\/aplccorp.com\/voyages\/index.php?rest_route=\/wp\/v2\/posts\/918\/revisions\/1603"}],"wp:featuredmedia":[{"embeddable":true,"href":"https:\/\/aplccorp.com\/voyages\/index.php?rest_route=\/wp\/v2\/media\/929"}],"wp:attachment":[{"href":"https:\/\/aplccorp.com\/voyages\/index.php?rest_route=%2Fwp%2Fv2%2Fmedia&parent=918"}],"wp:term":[{"taxonomy":"category","embeddable":true,"href":"https:\/\/aplccorp.com\/voyages\/index.php?rest_route=%2Fwp%2Fv2%2Fcategories&post=918"},{"taxonomy":"post_tag","embeddable":true,"href":"https:\/\/aplccorp.com\/voyages\/index.php?rest_route=%2Fwp%2Fv2%2Ftags&post=918"}],"curies":[{"name":"wp","href":"https:\/\/api.w.org\/{rel}","templated":true}]}}