{"id":765,"date":"2012-08-26T21:06:46","date_gmt":"2012-08-26T19:06:46","guid":{"rendered":"http:\/\/aplccorp.com\/voyages\/?p=765"},"modified":"2015-01-17T16:48:57","modified_gmt":"2015-01-17T14:48:57","slug":"biograd-zadar-pag-plitvice","status":"publish","type":"post","link":"https:\/\/aplccorp.com\/voyages\/?p=765","title":{"rendered":"Biograd &#8211; Zadar &#8211; Pag &#8211; Plitvice"},"content":{"rendered":"<p>Finalement on a plut\u00f4t bien dormi (enfin moi, je crois que la miss n&rsquo;a pas trop appr\u00e9ci\u00e9 les chiens qui ont aboy\u00e9 toute la nuit, et la proximit\u00e9 de la route &#8211; il devait y avoir un pont ou une plaque d&rsquo;\u00e9gout mal pos\u00e9e, mais \u00e0 chaque passage de voiture, \u00e7a faisait un bruit de p\u00e9tard qui explose ou de carabine&#8230;)<\/p>\n<p>M&rsquo;enfin, aux premiers rayons du soleil, nous voil\u00e0 r\u00e9veill\u00e9s et pr\u00eats \u00e0 partir.<\/p>\n<p><a href=\"http:\/\/aplccorp.com\/voyages\/wp-content\/uploads\/2012\/08\/IMG_9922.jpg\"><img loading=\"lazy\" decoding=\"async\" class=\"aligncenter size-full wp-image-768\" title=\"IMG_9922\" src=\"http:\/\/aplccorp.com\/voyages\/wp-content\/uploads\/2012\/08\/IMG_9922.jpg\" alt=\"\" width=\"650\" height=\"433\" srcset=\"https:\/\/aplccorp.com\/voyages\/wp-content\/uploads\/2012\/08\/IMG_9922.jpg 650w, https:\/\/aplccorp.com\/voyages\/wp-content\/uploads\/2012\/08\/IMG_9922-300x200.jpg 300w\" sizes=\"auto, (max-width: 650px) 100vw, 650px\" \/><\/a><\/p>\n<p>Quelques \u00eeles sur la route:<\/p>\n<p><a href=\"http:\/\/aplccorp.com\/voyages\/wp-content\/uploads\/2012\/08\/IMG_9923.jpg\"><img loading=\"lazy\" decoding=\"async\" class=\"aligncenter size-full wp-image-769\" title=\"IMG_9923\" src=\"http:\/\/aplccorp.com\/voyages\/wp-content\/uploads\/2012\/08\/IMG_9923.jpg\" alt=\"\" width=\"650\" height=\"433\" srcset=\"https:\/\/aplccorp.com\/voyages\/wp-content\/uploads\/2012\/08\/IMG_9923.jpg 650w, https:\/\/aplccorp.com\/voyages\/wp-content\/uploads\/2012\/08\/IMG_9923-300x200.jpg 300w\" sizes=\"auto, (max-width: 650px) 100vw, 650px\" \/><\/a><\/p>\n<p>Nous arrivons \u00e0 Zadar de bonne heure, et pouvons ainsi profiter de la temp\u00e9rature relativement cl\u00e9mente du matin. Bien que la ville soit \u00e9tendue, le centre ville de Zadar se visite \u00e0 pied. Il est d&rsquo;ailleurs \u00e9tonnamment anim\u00e9 pour un dimanche (nous pensions que la Croatie \u00e9tait assez croyante, mais en fait beaucoup de commerces, restaurants et caf\u00e9s sont ouverts).<br \/>\nToujours ces ruelles pav\u00e9es entour\u00e9es de fortifications. De tr\u00e8s beaux b\u00e2timents m\u00e9di\u00e9vaux, des \u00e9glises superbes et certaines qui ont \u00e9t\u00e9 restaur\u00e9es suite aux bombardements subis pendant la seconde guerre mondiale.<\/p>\n<p><a href=\"http:\/\/aplccorp.com\/voyages\/wp-content\/uploads\/2012\/08\/IMG_9926.jpg\"><img loading=\"lazy\" decoding=\"async\" class=\"aligncenter size-full wp-image-770\" title=\"IMG_9926\" src=\"http:\/\/aplccorp.com\/voyages\/wp-content\/uploads\/2012\/08\/IMG_9926.jpg\" alt=\"\" width=\"433\" height=\"650\" srcset=\"https:\/\/aplccorp.com\/voyages\/wp-content\/uploads\/2012\/08\/IMG_9926.jpg 433w, https:\/\/aplccorp.com\/voyages\/wp-content\/uploads\/2012\/08\/IMG_9926-200x300.jpg 200w\" sizes=\"auto, (max-width: 433px) 100vw, 433px\" \/><\/a><\/p>\n<p>Pr\u00e8s de la porte de la ville<\/p>\n<p><a href=\"http:\/\/aplccorp.com\/voyages\/wp-content\/uploads\/2012\/08\/IMG_9928.jpg\"><img loading=\"lazy\" decoding=\"async\" class=\"aligncenter size-full wp-image-771\" title=\"IMG_9928\" src=\"http:\/\/aplccorp.com\/voyages\/wp-content\/uploads\/2012\/08\/IMG_9928.jpg\" alt=\"\" width=\"650\" height=\"433\" srcset=\"https:\/\/aplccorp.com\/voyages\/wp-content\/uploads\/2012\/08\/IMG_9928.jpg 650w, https:\/\/aplccorp.com\/voyages\/wp-content\/uploads\/2012\/08\/IMG_9928-300x200.jpg 300w\" sizes=\"auto, (max-width: 650px) 100vw, 650px\" \/><\/a><\/p>\n<p>La tour de guet<\/p>\n<p><a href=\"http:\/\/aplccorp.com\/voyages\/wp-content\/uploads\/2012\/08\/IMG_9937.jpg\"><img loading=\"lazy\" decoding=\"async\" class=\"aligncenter size-full wp-image-773\" title=\"IMG_9937\" src=\"http:\/\/aplccorp.com\/voyages\/wp-content\/uploads\/2012\/08\/IMG_9937.jpg\" alt=\"\" width=\"650\" height=\"433\" srcset=\"https:\/\/aplccorp.com\/voyages\/wp-content\/uploads\/2012\/08\/IMG_9937.jpg 650w, https:\/\/aplccorp.com\/voyages\/wp-content\/uploads\/2012\/08\/IMG_9937-300x200.jpg 300w\" sizes=\"auto, (max-width: 650px) 100vw, 650px\" \/><\/a><\/p>\n<p>L&rsquo;\u00e9glise St Donat (priez pour nos sandwish)<\/p>\n<p><a href=\"http:\/\/aplccorp.com\/voyages\/wp-content\/uploads\/2012\/08\/IMG_9938.jpg\"><img loading=\"lazy\" decoding=\"async\" class=\"aligncenter size-full wp-image-774\" title=\"IMG_9938\" src=\"http:\/\/aplccorp.com\/voyages\/wp-content\/uploads\/2012\/08\/IMG_9938.jpg\" alt=\"\" width=\"433\" height=\"650\" srcset=\"https:\/\/aplccorp.com\/voyages\/wp-content\/uploads\/2012\/08\/IMG_9938.jpg 433w, https:\/\/aplccorp.com\/voyages\/wp-content\/uploads\/2012\/08\/IMG_9938-200x300.jpg 200w\" sizes=\"auto, (max-width: 433px) 100vw, 433px\" \/><\/a><\/p>\n<p>La m\u00eame vue d&rsquo;en dessous (On a voulu monter, mais c&rsquo;\u00e9tait ferm\u00e9)<\/p>\n<p><a href=\"http:\/\/aplccorp.com\/voyages\/wp-content\/uploads\/2012\/08\/IMG_9941.jpg\"><img loading=\"lazy\" decoding=\"async\" class=\"aligncenter size-full wp-image-775\" title=\"IMG_9941\" src=\"http:\/\/aplccorp.com\/voyages\/wp-content\/uploads\/2012\/08\/IMG_9941.jpg\" alt=\"\" width=\"650\" height=\"433\" srcset=\"https:\/\/aplccorp.com\/voyages\/wp-content\/uploads\/2012\/08\/IMG_9941.jpg 650w, https:\/\/aplccorp.com\/voyages\/wp-content\/uploads\/2012\/08\/IMG_9941-300x200.jpg 300w\" sizes=\"auto, (max-width: 650px) 100vw, 650px\" \/><\/a><\/p>\n<p>On pense que c&rsquo;est l&rsquo;h\u00f4tel de ville<\/p>\n<p><a href=\"http:\/\/aplccorp.com\/voyages\/wp-content\/uploads\/2012\/08\/IMG_9949.jpg\"><img loading=\"lazy\" decoding=\"async\" class=\"aligncenter size-full wp-image-776\" title=\"IMG_9949\" src=\"http:\/\/aplccorp.com\/voyages\/wp-content\/uploads\/2012\/08\/IMG_9949.jpg\" alt=\"\" width=\"650\" height=\"433\" srcset=\"https:\/\/aplccorp.com\/voyages\/wp-content\/uploads\/2012\/08\/IMG_9949.jpg 650w, https:\/\/aplccorp.com\/voyages\/wp-content\/uploads\/2012\/08\/IMG_9949-300x200.jpg 300w\" sizes=\"auto, (max-width: 650px) 100vw, 650px\" \/><\/a><\/p>\n<p>Le cloitre dans le monast\u00e8re franciscain<\/p>\n<p><a href=\"http:\/\/aplccorp.com\/voyages\/wp-content\/uploads\/2012\/08\/IMG_9955.jpg\"><img loading=\"lazy\" decoding=\"async\" class=\"aligncenter size-full wp-image-777\" title=\"IMG_9955\" src=\"http:\/\/aplccorp.com\/voyages\/wp-content\/uploads\/2012\/08\/IMG_9955.jpg\" alt=\"\" width=\"433\" height=\"650\" srcset=\"https:\/\/aplccorp.com\/voyages\/wp-content\/uploads\/2012\/08\/IMG_9955.jpg 433w, https:\/\/aplccorp.com\/voyages\/wp-content\/uploads\/2012\/08\/IMG_9955-200x300.jpg 200w\" sizes=\"auto, (max-width: 433px) 100vw, 433px\" \/><\/a><\/p>\n<p>Des vestiges romains. Il y&rsquo;en a partout dans la ville.<\/p>\n<p>Les principales curiosit\u00e9s de Zadar se trouvent pourtant \u00e0 l&rsquo;ext\u00e9rieur des remparts. Un architecte Croate (Nicola Basi\u0107) y a en effet construit deux \u0153uvres d&rsquo;art :<\/p>\n<p>Les \u00abOrgues marines\u00bb : Partie int\u00e9grante de la rive, les orgues marines ont \u00e9t\u00e9 construites \u00e0 proximit\u00e9 du nouveau d\u00e9barcad\u00e8re pour paquebots et sont reconnaissables \u00e0 leurs marches plongeant dans la mer, s&rsquo;\u00e9tirant sur environ 70 m et sous lesquelles, au niveau le plus bas de la mer \u00e0 mar\u00e9e basse, ont \u00e9t\u00e9 plac\u00e9s perpendiculairement \u00e0 la rive 35 tuyaux de longueur, de diam\u00e8tre et d&rsquo;inclinaison diff\u00e9rents, remontant jusqu&rsquo;aux dalles et se terminant dans un canal (couloir de service). \u00c0 cet endroit, sur les tuyaux, ont \u00e9t\u00e9 plac\u00e9s des sifflets (LABIUM), lib\u00e9rant 7 accords en 5 tonalit\u00e9s. Au-dessus du canal, les marches de pierre sont perfor\u00e9es laissant passer le son, air propuls\u00e9 par la mer.<br \/>\nC&rsquo;est magique. Je vous laisse d\u00e9couvrir en vid\u00e9o :<\/p>\n<p><iframe loading=\"lazy\" src=\"http:\/\/www.youtube.com\/embed\/sh6LT5tf2kI\" width=\"560\" height=\"315\" frameborder=\"0\"><\/iframe><\/p>\n<p>(Lazer, c&rsquo;est bon l\u00e0 ? :))<\/p>\n<p>Le \u00abSalut au Soleil\u00bb : cet \u00e9tonnant disque de 22 m de diam\u00e8tre, constitu\u00e9 de 300 panneaux de verres superpos\u00e9s, est pos\u00e9 \u00e0 m\u00eame le sol, sur la point de la ville fortifi\u00e9e. Ce n&rsquo;est pas tr\u00e8s impressionnant le jour, mais lorsque le Soleil dispara\u00eet \u00e0 l&rsquo;horizon, des \u00e9l\u00e9ments lumineux entrent en sc\u00e8ne et entament, selon un sc\u00e9nario savamment programm\u00e9, un extraordinaire ballet de lumi\u00e8re \u00e9voluant sur la m\u00e9lodie des Orgues au rythme des vagues.<\/p>\n<p>Tout au long de la journ\u00e9e, les modules photovolta\u00efques plac\u00e9s sous les plaques de verre emmagasinent l&rsquo;\u00e9nergie solaire pour la convertir en \u00e9lectricit\u00e9 et l&rsquo;injecter ensuite dans le r\u00e9seau de distribution. Un \u00e9cran informatif indique la production \u00e9nerg\u00e9tique momentan\u00e9e, production qui pourrait atteindre 46 500 kW par an. C&rsquo;est donc une v\u00e9ritable mini centrale capable de fournir l&rsquo;\u00e9nergie n\u00e9cessaire non seulement au fonctionnement m\u00eame du monument mais encore \u00e0 l&rsquo;\u00e9clairage de toute la rive, pour un co\u00fbt trois fois moindre que l&rsquo;actuel.<\/p>\n<p><a href=\"http:\/\/aplccorp.com\/voyages\/wp-content\/uploads\/2012\/08\/IMG_9942.jpg\"><img loading=\"lazy\" decoding=\"async\" class=\"aligncenter size-full wp-image-780\" title=\"IMG_9942\" src=\"http:\/\/aplccorp.com\/voyages\/wp-content\/uploads\/2012\/08\/IMG_9942.jpg\" alt=\"\" width=\"650\" height=\"433\" srcset=\"https:\/\/aplccorp.com\/voyages\/wp-content\/uploads\/2012\/08\/IMG_9942.jpg 650w, https:\/\/aplccorp.com\/voyages\/wp-content\/uploads\/2012\/08\/IMG_9942-300x200.jpg 300w\" sizes=\"auto, (max-width: 650px) 100vw, 650px\" \/><\/a><\/p>\n<p><a href=\"http:\/\/aplccorp.com\/voyages\/wp-content\/uploads\/2012\/08\/IMG_9944.jpg\"><img loading=\"lazy\" decoding=\"async\" class=\"aligncenter size-full wp-image-781\" title=\"IMG_9944\" src=\"http:\/\/aplccorp.com\/voyages\/wp-content\/uploads\/2012\/08\/IMG_9944.jpg\" alt=\"\" width=\"650\" height=\"433\" srcset=\"https:\/\/aplccorp.com\/voyages\/wp-content\/uploads\/2012\/08\/IMG_9944.jpg 650w, https:\/\/aplccorp.com\/voyages\/wp-content\/uploads\/2012\/08\/IMG_9944-300x200.jpg 300w\" sizes=\"auto, (max-width: 650px) 100vw, 650px\" \/><\/a><\/p>\n<p><a href=\"http:\/\/aplccorp.com\/voyages\/wp-content\/uploads\/2012\/08\/IMG_9947.jpg\"><img loading=\"lazy\" decoding=\"async\" class=\"aligncenter size-full wp-image-782\" title=\"IMG_9947\" src=\"http:\/\/aplccorp.com\/voyages\/wp-content\/uploads\/2012\/08\/IMG_9947.jpg\" alt=\"\" width=\"650\" height=\"433\" srcset=\"https:\/\/aplccorp.com\/voyages\/wp-content\/uploads\/2012\/08\/IMG_9947.jpg 650w, https:\/\/aplccorp.com\/voyages\/wp-content\/uploads\/2012\/08\/IMG_9947-300x200.jpg 300w\" sizes=\"auto, (max-width: 650px) 100vw, 650px\" \/><\/a><\/p>\n<p>Avant de partir, on d\u00e9cide de se faire plaisir avec un p&rsquo;tit dej dans un caf\u00e9 (qui fera aussi office de d\u00e9jeuner). Le tout dans un caf\u00e9 pr\u00e8s de la place centrale (au programme : omelette au fromage, et jus d&rsquo;orange press\u00e9 avec les classiques viennoiseries&#8230;).<\/p>\n<p>On repart de Zadar avec une tr\u00e8s bonne impression. C&rsquo;est clairement une ville ou on pourrait passer un week-end (est ce qu&rsquo;il y&rsquo;a des vols depuis la France ?).<\/p>\n<p>A pr\u00e9sent, dirigeons nous vers l&rsquo;\u00eele de Pag.<\/p>\n<p>Sur la route, on voit de plus en plus de barbecues version m\u00e9choui au bord de la route. En fait il s&rsquo;agit de restos qui, pour attirer les touristes, font griller un cochon ou un mouton sur une broche, bien en vue de la route. Voil\u00e0 \u00e0 quoi \u00e7a ressemble :<\/p>\n<p><a href=\"http:\/\/aplccorp.com\/voyages\/wp-content\/uploads\/2012\/08\/20120827-193851.jpg\"><img decoding=\"async\" class=\"size-full aligncenter\" src=\"http:\/\/aplccorp.com\/voyages\/wp-content\/uploads\/2012\/08\/20120827-193851.jpg\" alt=\"20120827-193851.jpg\" \/><\/a><\/p>\n<p>Pour l&rsquo;anecdote, j&rsquo;ai du faire 3 tours de rond point avant que cette photo ait \u00e9t\u00e9 prise. Explications :<\/p>\n<p><iframe loading=\"lazy\" src=\"http:\/\/www.youtube.com\/embed\/bUy3ZJt6kGA\" width=\"420\" height=\"315\" frameborder=\"0\"><\/iframe><\/p>\n<p>Cette \u00eele est reli\u00e9e au continent par un pont. Il s&rsquo;agit d&rsquo;une \u00eele quasi d\u00e9serte. Le paysage est lunaire.<\/p>\n<p><a href=\"http:\/\/aplccorp.com\/voyages\/wp-content\/uploads\/2012\/08\/IMG_9957.jpg\"><img loading=\"lazy\" decoding=\"async\" class=\"aligncenter size-full wp-image-783\" title=\"IMG_9957\" src=\"http:\/\/aplccorp.com\/voyages\/wp-content\/uploads\/2012\/08\/IMG_9957.jpg\" alt=\"\" width=\"650\" height=\"433\" srcset=\"https:\/\/aplccorp.com\/voyages\/wp-content\/uploads\/2012\/08\/IMG_9957.jpg 650w, https:\/\/aplccorp.com\/voyages\/wp-content\/uploads\/2012\/08\/IMG_9957-300x200.jpg 300w\" sizes=\"auto, (max-width: 650px) 100vw, 650px\" \/><\/a><\/p>\n<p><a href=\"http:\/\/aplccorp.com\/voyages\/wp-content\/uploads\/2012\/08\/IMG_9959.jpg\"><img loading=\"lazy\" decoding=\"async\" class=\"aligncenter size-full wp-image-784\" title=\"IMG_9959\" src=\"http:\/\/aplccorp.com\/voyages\/wp-content\/uploads\/2012\/08\/IMG_9959.jpg\" alt=\"\" width=\"650\" height=\"433\" srcset=\"https:\/\/aplccorp.com\/voyages\/wp-content\/uploads\/2012\/08\/IMG_9959.jpg 650w, https:\/\/aplccorp.com\/voyages\/wp-content\/uploads\/2012\/08\/IMG_9959-300x200.jpg 300w\" sizes=\"auto, (max-width: 650px) 100vw, 650px\" \/><\/a><\/p>\n<p><a href=\"http:\/\/aplccorp.com\/voyages\/wp-content\/uploads\/2012\/08\/IMG_9960.jpg\"><img loading=\"lazy\" decoding=\"async\" class=\"aligncenter size-full wp-image-785\" title=\"IMG_9960\" src=\"http:\/\/aplccorp.com\/voyages\/wp-content\/uploads\/2012\/08\/IMG_9960.jpg\" alt=\"\" width=\"650\" height=\"433\" srcset=\"https:\/\/aplccorp.com\/voyages\/wp-content\/uploads\/2012\/08\/IMG_9960.jpg 650w, https:\/\/aplccorp.com\/voyages\/wp-content\/uploads\/2012\/08\/IMG_9960-300x200.jpg 300w\" sizes=\"auto, (max-width: 650px) 100vw, 650px\" \/><\/a><\/p>\n<p><a href=\"http:\/\/aplccorp.com\/voyages\/wp-content\/uploads\/2012\/08\/IMG_9966.jpg\"><img loading=\"lazy\" decoding=\"async\" class=\"aligncenter size-full wp-image-787\" title=\"IMG_9966\" src=\"http:\/\/aplccorp.com\/voyages\/wp-content\/uploads\/2012\/08\/IMG_9966.jpg\" alt=\"\" width=\"650\" height=\"433\" srcset=\"https:\/\/aplccorp.com\/voyages\/wp-content\/uploads\/2012\/08\/IMG_9966.jpg 650w, https:\/\/aplccorp.com\/voyages\/wp-content\/uploads\/2012\/08\/IMG_9966-300x200.jpg 300w\" sizes=\"auto, (max-width: 650px) 100vw, 650px\" \/><\/a><\/p>\n<p><a href=\"http:\/\/aplccorp.com\/voyages\/wp-content\/uploads\/2012\/08\/IMG_9965.jpg\"><img loading=\"lazy\" decoding=\"async\" class=\"aligncenter size-full wp-image-786\" title=\"IMG_9965\" src=\"http:\/\/aplccorp.com\/voyages\/wp-content\/uploads\/2012\/08\/IMG_9965.jpg\" alt=\"\" width=\"650\" height=\"433\" srcset=\"https:\/\/aplccorp.com\/voyages\/wp-content\/uploads\/2012\/08\/IMG_9965.jpg 650w, https:\/\/aplccorp.com\/voyages\/wp-content\/uploads\/2012\/08\/IMG_9965-300x200.jpg 300w\" sizes=\"auto, (max-width: 650px) 100vw, 650px\" \/><\/a><\/p>\n<p>Allez, une photo de nous quand m\u00eame \ud83d\ude42<\/p>\n<p>Sur l&rsquo;\u00eele il y&rsquo;a quelques villages, ainsi que la ville de Pag. L&rsquo;\u00eele est r\u00e9put\u00e9e pour son fromage (le Paski Sir). C&rsquo;est un fromage de biquette, ayant un go\u00fbt particulier \u00e0 cause du sel marin d\u00e9pos\u00e9 sur les rares herbes de l&rsquo;\u00eele par les forts vents qui y soufflent.<br \/>\nOn s&rsquo;arr\u00eate pour en acheter un peu et le go\u00fbter : c&rsquo;est pas mal du tout!!<\/p>\n<p><a href=\"http:\/\/aplccorp.com\/voyages\/wp-content\/uploads\/2012\/08\/20120827-194304.jpg\"><img decoding=\"async\" class=\"size-full aligncenter\" src=\"http:\/\/aplccorp.com\/voyages\/wp-content\/uploads\/2012\/08\/20120827-194304.jpg\" alt=\"20120827-194304.jpg\" \/><\/a><\/p>\n<p>En arrivant \u00e0 la ville de Pag, on sent bien que quelque chose de particulier s&rsquo;y passe : le ciel s&rsquo;est peu \u00e0 peu assombri (alors que nous n&rsquo;avions pas vu un nuage pendant plus d&rsquo;une semaine), et le thermom\u00e8tre est bizarrement descendu en dessous de 30\u00b0. On arrive sur le port, et d&rsquo;un coup le vent se l\u00e8ve de mani\u00e8re tr\u00e8s brutale et il commence \u00e0 pleuvoir. C&rsquo;est si soudain qu&rsquo;on voit encore des baigneurs en maillot de bain sortir pr\u00e9cipitamment de l&rsquo;eau, ou ramasser leurs serviettes et regagner leurs maisons<\/p>\n<p><a href=\"http:\/\/aplccorp.com\/voyages\/wp-content\/uploads\/2012\/08\/IMG_9977.jpg\"><img loading=\"lazy\" decoding=\"async\" class=\"aligncenter size-full wp-image-788\" title=\"IMG_9977\" src=\"http:\/\/aplccorp.com\/voyages\/wp-content\/uploads\/2012\/08\/IMG_9977.jpg\" alt=\"\" width=\"650\" height=\"433\" srcset=\"https:\/\/aplccorp.com\/voyages\/wp-content\/uploads\/2012\/08\/IMG_9977.jpg 650w, https:\/\/aplccorp.com\/voyages\/wp-content\/uploads\/2012\/08\/IMG_9977-300x200.jpg 300w\" sizes=\"auto, (max-width: 650px) 100vw, 650px\" \/><\/a><\/p>\n<p>La pluie cesse, mais le vent redouble de force. On d\u00e9cide de faire quand m\u00eame un tour dans la ville. C&rsquo;est impressionnant comme le vent est fort. Le pont qui passe au dessus du port est quasi-impraticable, certains vacanciers en bateau restent sur leur embarcation, ne pouvant pas amarrer. D&rsquo;autres sont oblig\u00e9s de rester dans leur bateau \u00ab\u00a0\u00e0 quai\u00a0\u00bb pour \u00e9viter qu&rsquo;ils n&rsquo;abiment d&rsquo;autres bateaux.<\/p>\n<p><a href=\"http:\/\/aplccorp.com\/voyages\/wp-content\/uploads\/2012\/08\/IMG_0005.jpg\"><img loading=\"lazy\" decoding=\"async\" class=\"aligncenter size-full wp-image-789\" title=\"IMG_0005\" src=\"http:\/\/aplccorp.com\/voyages\/wp-content\/uploads\/2012\/08\/IMG_0005.jpg\" alt=\"\" width=\"650\" height=\"433\" srcset=\"https:\/\/aplccorp.com\/voyages\/wp-content\/uploads\/2012\/08\/IMG_0005.jpg 650w, https:\/\/aplccorp.com\/voyages\/wp-content\/uploads\/2012\/08\/IMG_0005-300x200.jpg 300w\" sizes=\"auto, (max-width: 650px) 100vw, 650px\" \/><\/a><\/p>\n<p>Remarquez Poupoussy, \u00e0 droite de la photo : \u00ab\u00a0Tu devrais remonter ton pantalon\u00a0\u00bb. \u00ab\u00a0OK\u00a0\u00bb. \u00ab\u00a0Hmmm trop tard \ud83d\ude00\u00a0\u00bb<\/p>\n<p><a href=\"http:\/\/aplccorp.com\/voyages\/wp-content\/uploads\/2012\/08\/IMG_0013.jpg\"><img loading=\"lazy\" decoding=\"async\" class=\"aligncenter size-full wp-image-790\" title=\"IMG_0013\" src=\"http:\/\/aplccorp.com\/voyages\/wp-content\/uploads\/2012\/08\/IMG_0013.jpg\" alt=\"\" width=\"650\" height=\"433\" srcset=\"https:\/\/aplccorp.com\/voyages\/wp-content\/uploads\/2012\/08\/IMG_0013.jpg 650w, https:\/\/aplccorp.com\/voyages\/wp-content\/uploads\/2012\/08\/IMG_0013-300x200.jpg 300w\" sizes=\"auto, (max-width: 650px) 100vw, 650px\" \/><\/a>Le vent est tr\u00e8s violent<\/p>\n<p><a href=\"http:\/\/aplccorp.com\/voyages\/wp-content\/uploads\/2012\/08\/IMG_0014.jpg\"><img loading=\"lazy\" decoding=\"async\" class=\"aligncenter size-full wp-image-791\" title=\"IMG_0014\" src=\"http:\/\/aplccorp.com\/voyages\/wp-content\/uploads\/2012\/08\/IMG_0014.jpg\" alt=\"\" width=\"650\" height=\"433\" srcset=\"https:\/\/aplccorp.com\/voyages\/wp-content\/uploads\/2012\/08\/IMG_0014.jpg 650w, https:\/\/aplccorp.com\/voyages\/wp-content\/uploads\/2012\/08\/IMG_0014-300x200.jpg 300w\" sizes=\"auto, (max-width: 650px) 100vw, 650px\" \/><\/a><\/p>\n<p><a href=\"http:\/\/aplccorp.com\/voyages\/wp-content\/uploads\/2012\/08\/IMG_0027.jpg\"><img loading=\"lazy\" decoding=\"async\" class=\"aligncenter size-full wp-image-792\" title=\"IMG_0027\" src=\"http:\/\/aplccorp.com\/voyages\/wp-content\/uploads\/2012\/08\/IMG_0027.jpg\" alt=\"\" width=\"433\" height=\"650\" srcset=\"https:\/\/aplccorp.com\/voyages\/wp-content\/uploads\/2012\/08\/IMG_0027.jpg 433w, https:\/\/aplccorp.com\/voyages\/wp-content\/uploads\/2012\/08\/IMG_0027-200x300.jpg 200w\" sizes=\"auto, (max-width: 433px) 100vw, 433px\" \/><\/a><\/p>\n<p><a href=\"http:\/\/aplccorp.com\/voyages\/wp-content\/uploads\/2012\/08\/IMG_9980.jpg\"><img loading=\"lazy\" decoding=\"async\" class=\"aligncenter size-full wp-image-793\" title=\"IMG_9980\" src=\"http:\/\/aplccorp.com\/voyages\/wp-content\/uploads\/2012\/08\/IMG_9980.jpg\" alt=\"\" width=\"650\" height=\"433\" srcset=\"https:\/\/aplccorp.com\/voyages\/wp-content\/uploads\/2012\/08\/IMG_9980.jpg 650w, https:\/\/aplccorp.com\/voyages\/wp-content\/uploads\/2012\/08\/IMG_9980-300x200.jpg 300w\" sizes=\"auto, (max-width: 650px) 100vw, 650px\" \/><\/a><\/p>\n<p><a href=\"http:\/\/aplccorp.com\/voyages\/wp-content\/uploads\/2012\/08\/IMG_9983.jpg\"><img loading=\"lazy\" decoding=\"async\" class=\"aligncenter size-full wp-image-795\" title=\"IMG_9983\" src=\"http:\/\/aplccorp.com\/voyages\/wp-content\/uploads\/2012\/08\/IMG_9983.jpg\" alt=\"\" width=\"433\" height=\"650\" srcset=\"https:\/\/aplccorp.com\/voyages\/wp-content\/uploads\/2012\/08\/IMG_9983.jpg 433w, https:\/\/aplccorp.com\/voyages\/wp-content\/uploads\/2012\/08\/IMG_9983-200x300.jpg 200w\" sizes=\"auto, (max-width: 433px) 100vw, 433px\" \/><\/a><\/p>\n<p>Quelques secondes apr\u00e8s avoir pris cette photo, mes lunettes de soleil (mais avec correction vue) se sont litt\u00e9ralement envol\u00e9es. En une fraction de seconde, elles \u00e9taient d\u00e9j\u00e0 \u00e0 plus de 50m, parties en direction de l&rsquo;eau. Trop loin pour que j&rsquo;aie une chance de les rattraper. J&rsquo;\u00e9tais d\u00e9j\u00e0 r\u00e9sign\u00e9 \u00e0 finir le voyage avec les lunettes de vue. On continue \u00e0 longer les quais, quand soudain on (enfin, Poupoussy, moi je n&rsquo;y voyais plus rien ;)) voit mes lunettes au bord du quai, pr\u00eates \u00e0 \u00eatres ensevelies par la prochaine vague.Tel un Scrat voyant une noix je saute sur l&rsquo;objet, et arrive \u00e0 leur \u00e9pargner une fin au fond de la mer! Ouf!<\/p>\n<p><a href=\"http:\/\/aplccorp.com\/voyages\/wp-content\/uploads\/2012\/08\/IMG_9990.jpg\"><img loading=\"lazy\" decoding=\"async\" class=\"aligncenter size-full wp-image-796\" title=\"IMG_9990\" src=\"http:\/\/aplccorp.com\/voyages\/wp-content\/uploads\/2012\/08\/IMG_9990.jpg\" alt=\"\" width=\"650\" height=\"433\" srcset=\"https:\/\/aplccorp.com\/voyages\/wp-content\/uploads\/2012\/08\/IMG_9990.jpg 650w, https:\/\/aplccorp.com\/voyages\/wp-content\/uploads\/2012\/08\/IMG_9990-300x200.jpg 300w\" sizes=\"auto, (max-width: 650px) 100vw, 650px\" \/><\/a><\/p>\n<p>Des touristes essaient quand m\u00eame de passer sur le pont!<\/p>\n<p><a href=\"http:\/\/aplccorp.com\/voyages\/wp-content\/uploads\/2012\/08\/IMG_9991.jpg\"><img loading=\"lazy\" decoding=\"async\" class=\"aligncenter size-full wp-image-797\" title=\"IMG_9991\" src=\"http:\/\/aplccorp.com\/voyages\/wp-content\/uploads\/2012\/08\/IMG_9991.jpg\" alt=\"\" width=\"650\" height=\"433\" srcset=\"https:\/\/aplccorp.com\/voyages\/wp-content\/uploads\/2012\/08\/IMG_9991.jpg 650w, https:\/\/aplccorp.com\/voyages\/wp-content\/uploads\/2012\/08\/IMG_9991-300x200.jpg 300w\" sizes=\"auto, (max-width: 650px) 100vw, 650px\" \/><\/a><\/p>\n<p><a href=\"http:\/\/aplccorp.com\/voyages\/wp-content\/uploads\/2012\/08\/IMG_9994.jpg\"><img loading=\"lazy\" decoding=\"async\" class=\"aligncenter size-full wp-image-799\" title=\"IMG_9994\" src=\"http:\/\/aplccorp.com\/voyages\/wp-content\/uploads\/2012\/08\/IMG_9994.jpg\" alt=\"\" width=\"650\" height=\"433\" srcset=\"https:\/\/aplccorp.com\/voyages\/wp-content\/uploads\/2012\/08\/IMG_9994.jpg 650w, https:\/\/aplccorp.com\/voyages\/wp-content\/uploads\/2012\/08\/IMG_9994-300x200.jpg 300w\" sizes=\"auto, (max-width: 650px) 100vw, 650px\" \/><\/a><\/p>\n<p>En vid\u00e9o, voil\u00e0 ce que \u00e7a donne :<br \/>\n<iframe loading=\"lazy\" src=\"http:\/\/www.youtube.com\/embed\/F8QInIkWW0Y\" width=\"560\" height=\"315\" frameborder=\"0\"><\/iframe><\/p>\n<p><a href=\"http:\/\/aplccorp.com\/voyages\/wp-content\/uploads\/2012\/08\/IMG_9992.jpg\"><img loading=\"lazy\" decoding=\"async\" class=\"aligncenter size-full wp-image-798\" title=\"IMG_9992\" src=\"http:\/\/aplccorp.com\/voyages\/wp-content\/uploads\/2012\/08\/IMG_9992.jpg\" alt=\"\" width=\"650\" height=\"433\" srcset=\"https:\/\/aplccorp.com\/voyages\/wp-content\/uploads\/2012\/08\/IMG_9992.jpg 650w, https:\/\/aplccorp.com\/voyages\/wp-content\/uploads\/2012\/08\/IMG_9992-300x200.jpg 300w\" sizes=\"auto, (max-width: 650px) 100vw, 650px\" \/><\/a><\/p>\n<p>Le caf\u00e9 bar \u00ab\u00a0Tornado\u00a0\u00bb, qui n&rsquo;a jamais aussi bien port\u00e9 son nom&#8230;<\/p>\n<p><a href=\"http:\/\/aplccorp.com\/voyages\/wp-content\/uploads\/2012\/08\/IMG_0009.jpg\"><img loading=\"lazy\" decoding=\"async\" class=\"aligncenter size-full wp-image-802\" title=\"IMG_0009\" src=\"http:\/\/aplccorp.com\/voyages\/wp-content\/uploads\/2012\/08\/IMG_0009.jpg\" alt=\"\" width=\"650\" height=\"433\" srcset=\"https:\/\/aplccorp.com\/voyages\/wp-content\/uploads\/2012\/08\/IMG_0009.jpg 650w, https:\/\/aplccorp.com\/voyages\/wp-content\/uploads\/2012\/08\/IMG_0009-300x200.jpg 300w\" sizes=\"auto, (max-width: 650px) 100vw, 650px\" \/><\/a><\/p>\n<p>Les 4 personnes de ce bateau ont regagn\u00e9 la terre ferme \u00e0 la nage : trop dangereux de s&rsquo;amarrer par ce temps&#8230;<\/p>\n<p>Le reste de Pag est sympa, mais sans grand int\u00e9r\u00eat au regard de la temp\u00eate qu&rsquo;on vient de subir \ud83d\ude09<\/p>\n<p>On continue notre route sur la lune&#8230; euh, pardon, sur l&rsquo;ile de Pag.<\/p>\n<p>Pour rejoindre le continent, nous devons prendre un ferry sur quelques kilom\u00e8tres. En arrivant, on se rend vite compte que nous ne sommes pas les seuls a vouloir traverser. Et on comprend aussi que les touristes sont vraiment indisciplin\u00e9s ici (et si on combine cela avec l&rsquo;inorganisation des Croates sur ce coup, on obtient un beau bordel pour g\u00e9rer la priorit\u00e9 pour l&#8217;embarquement). Entre les slov\u00e8nes qui grugent tout le monde, les bosniaques qui font semblant de ne pas comprendre (\u00ab\u00a0Il y&rsquo;avait deux voies, alors je me suis dit que c&rsquo;\u00e9tait bizarre que vous \u00e9tiez tous sur la m\u00eame, du coup j&rsquo;ai pris la deuxi\u00e8me &#8211; c&rsquo;est ballot, je vous ai tous d\u00e9pass\u00e9s\u00a0\u00bb), les belges qui montent sur le bateau alors que les autres voitures ne sont pas encore descendues, et nous qui essayons de nous frayer un chemin dans tout ce petit monde&#8230; C&rsquo;\u00e9tait sympa.<\/p>\n<p><a href=\"http:\/\/aplccorp.com\/voyages\/wp-content\/uploads\/2012\/08\/IMG_0037.jpg\"><img loading=\"lazy\" decoding=\"async\" class=\"aligncenter size-full wp-image-803\" title=\"IMG_0037\" src=\"http:\/\/aplccorp.com\/voyages\/wp-content\/uploads\/2012\/08\/IMG_0037.jpg\" alt=\"\" width=\"650\" height=\"433\" srcset=\"https:\/\/aplccorp.com\/voyages\/wp-content\/uploads\/2012\/08\/IMG_0037.jpg 650w, https:\/\/aplccorp.com\/voyages\/wp-content\/uploads\/2012\/08\/IMG_0037-300x200.jpg 300w\" sizes=\"auto, (max-width: 650px) 100vw, 650px\" \/><\/a><\/p>\n<p>Sur le ferry<\/p>\n<p><a href=\"http:\/\/aplccorp.com\/voyages\/wp-content\/uploads\/2012\/08\/IMG_0047.jpg\"><img loading=\"lazy\" decoding=\"async\" class=\"aligncenter size-full wp-image-804\" title=\"IMG_0047\" src=\"http:\/\/aplccorp.com\/voyages\/wp-content\/uploads\/2012\/08\/IMG_0047.jpg\" alt=\"\" width=\"650\" height=\"433\" srcset=\"https:\/\/aplccorp.com\/voyages\/wp-content\/uploads\/2012\/08\/IMG_0047.jpg 650w, https:\/\/aplccorp.com\/voyages\/wp-content\/uploads\/2012\/08\/IMG_0047-300x200.jpg 300w\" sizes=\"auto, (max-width: 650px) 100vw, 650px\" \/><\/a><\/p>\n<p>Et \u00e0 l&rsquo;arriv\u00e9e<\/p>\n<p>Au bout d&rsquo;un peu plus d&rsquo;une heure (50minutes pour embarquer, 10 minutes de travers\u00e9e), nous revoil\u00e0 sur la terre ferme.<\/p>\n<p>Nous entamons alors la route qui nous m\u00e8ne au parc national de Plitvice. La route commence d&rsquo;abord par serpenter le long de la montagne. \u00c0 chaque virage, on d\u00e9couvre l&rsquo;\u00eele de Pag sous un angle diff\u00e9rent. On s&rsquo;arr\u00eate souvent pour prendre des photos, en se disant \u00ab\u00a0non, mais l\u00e0 c&rsquo;est trop beau, il faut qu&rsquo;on s&rsquo;arr\u00eate\u00a0\u00bb. Mais au virage suivant, on a une vue encore plus exceptionnelle, donc on s&rsquo;arr\u00eate \u00e0 nouveau.<\/p>\n<p><a href=\"http:\/\/aplccorp.com\/voyages\/wp-content\/uploads\/2012\/08\/IMG_0048.jpg\"><img loading=\"lazy\" decoding=\"async\" class=\"aligncenter size-full wp-image-805\" title=\"IMG_0048\" src=\"http:\/\/aplccorp.com\/voyages\/wp-content\/uploads\/2012\/08\/IMG_0048.jpg\" alt=\"\" width=\"650\" height=\"433\" srcset=\"https:\/\/aplccorp.com\/voyages\/wp-content\/uploads\/2012\/08\/IMG_0048.jpg 650w, https:\/\/aplccorp.com\/voyages\/wp-content\/uploads\/2012\/08\/IMG_0048-300x200.jpg 300w\" sizes=\"auto, (max-width: 650px) 100vw, 650px\" \/><\/a><\/p>\n<p>En remontant \u00e0 peine apr\u00e8s avoir quitt\u00e9 le ferry, on le voit qui repart vers l&rsquo;\u00eele de Pag<\/p>\n<p><a href=\"http:\/\/aplccorp.com\/voyages\/wp-content\/uploads\/2012\/08\/IMG_0055.jpg\"><img loading=\"lazy\" decoding=\"async\" class=\"aligncenter size-full wp-image-806\" title=\"IMG_0055\" src=\"http:\/\/aplccorp.com\/voyages\/wp-content\/uploads\/2012\/08\/IMG_0055.jpg\" alt=\"\" width=\"650\" height=\"433\" srcset=\"https:\/\/aplccorp.com\/voyages\/wp-content\/uploads\/2012\/08\/IMG_0055.jpg 650w, https:\/\/aplccorp.com\/voyages\/wp-content\/uploads\/2012\/08\/IMG_0055-300x200.jpg 300w\" sizes=\"auto, (max-width: 650px) 100vw, 650px\" \/><\/a><\/p>\n<p><a href=\"http:\/\/aplccorp.com\/voyages\/wp-content\/uploads\/2012\/08\/IMG_0056.jpg\"><img loading=\"lazy\" decoding=\"async\" class=\"aligncenter size-full wp-image-807\" title=\"IMG_0056\" src=\"http:\/\/aplccorp.com\/voyages\/wp-content\/uploads\/2012\/08\/IMG_0056.jpg\" alt=\"\" width=\"650\" height=\"433\" srcset=\"https:\/\/aplccorp.com\/voyages\/wp-content\/uploads\/2012\/08\/IMG_0056.jpg 650w, https:\/\/aplccorp.com\/voyages\/wp-content\/uploads\/2012\/08\/IMG_0056-300x200.jpg 300w\" sizes=\"auto, (max-width: 650px) 100vw, 650px\" \/><\/a><\/p>\n<p><a href=\"http:\/\/aplccorp.com\/voyages\/wp-content\/uploads\/2012\/08\/IMG_0060.jpg\"><img loading=\"lazy\" decoding=\"async\" class=\"aligncenter size-full wp-image-808\" title=\"IMG_0060\" src=\"http:\/\/aplccorp.com\/voyages\/wp-content\/uploads\/2012\/08\/IMG_0060.jpg\" alt=\"\" width=\"433\" height=\"650\" srcset=\"https:\/\/aplccorp.com\/voyages\/wp-content\/uploads\/2012\/08\/IMG_0060.jpg 433w, https:\/\/aplccorp.com\/voyages\/wp-content\/uploads\/2012\/08\/IMG_0060-200x300.jpg 200w\" sizes=\"auto, (max-width: 433px) 100vw, 433px\" \/><\/a><\/p>\n<p>La route du bas vue du haut<\/p>\n<p><a href=\"http:\/\/aplccorp.com\/voyages\/wp-content\/uploads\/2012\/08\/IMG_0082.jpg\"><img loading=\"lazy\" decoding=\"async\" class=\"aligncenter size-full wp-image-809\" title=\"IMG_0082\" src=\"http:\/\/aplccorp.com\/voyages\/wp-content\/uploads\/2012\/08\/IMG_0082.jpg\" alt=\"\" width=\"650\" height=\"433\" srcset=\"https:\/\/aplccorp.com\/voyages\/wp-content\/uploads\/2012\/08\/IMG_0082.jpg 650w, https:\/\/aplccorp.com\/voyages\/wp-content\/uploads\/2012\/08\/IMG_0082-300x200.jpg 300w\" sizes=\"auto, (max-width: 650px) 100vw, 650px\" \/><\/a><\/p>\n<p>Depuis le sommet, on voit deux branches de l&rsquo;\u00eele de Pag, puis (\u00e0 confirmer avec une carte) \u0160krda, Maun, Olib et Silba!<\/p>\n<p><a href=\"http:\/\/aplccorp.com\/voyages\/wp-content\/uploads\/2012\/08\/IMG_0084.jpg\"><img loading=\"lazy\" decoding=\"async\" class=\"aligncenter size-full wp-image-810\" title=\"IMG_0084\" src=\"http:\/\/aplccorp.com\/voyages\/wp-content\/uploads\/2012\/08\/IMG_0084.jpg\" alt=\"\" width=\"650\" height=\"433\" srcset=\"https:\/\/aplccorp.com\/voyages\/wp-content\/uploads\/2012\/08\/IMG_0084.jpg 650w, https:\/\/aplccorp.com\/voyages\/wp-content\/uploads\/2012\/08\/IMG_0084-300x200.jpg 300w\" sizes=\"auto, (max-width: 650px) 100vw, 650px\" \/><\/a><\/p>\n<p>On quitte ensuite la c\u00f4t\u00e9 pour nous enfoncer dans l&rsquo;arri\u00e8re pas croate. On nous avait conseill\u00e9 de ne pas rester uniquement sur la c\u00f4t\u00e9, et c&rsquo;est vrai que la campagne Croate vaut la peine d&rsquo;\u00eatre vue. On traverse des villages agricoles et des for\u00eats aux couleurs automnales (d&rsquo;ailleurs, c&rsquo;est bizarre ces couleurs marron et jaune en cette saison, non ?). Le ciel est toujours charg\u00e9 de nuages, mais une fois que le soleil commence \u00e0 se coucher et passe sous la couche de nuages \u00e0 l&rsquo;horizon, on obtient une lumi\u00e8re de fou.<\/p>\n<p><a href=\"http:\/\/aplccorp.com\/voyages\/wp-content\/uploads\/2012\/08\/IMG_0107.jpg\"><img loading=\"lazy\" decoding=\"async\" class=\"aligncenter size-full wp-image-811\" title=\"IMG_0107\" src=\"http:\/\/aplccorp.com\/voyages\/wp-content\/uploads\/2012\/08\/IMG_0107.jpg\" alt=\"\" width=\"433\" height=\"650\" srcset=\"https:\/\/aplccorp.com\/voyages\/wp-content\/uploads\/2012\/08\/IMG_0107.jpg 433w, https:\/\/aplccorp.com\/voyages\/wp-content\/uploads\/2012\/08\/IMG_0107-200x300.jpg 200w\" sizes=\"auto, (max-width: 433px) 100vw, 433px\" \/><\/a><\/p>\n<p><a href=\"http:\/\/aplccorp.com\/voyages\/wp-content\/uploads\/2012\/08\/IMG_0114.jpg\"><img loading=\"lazy\" decoding=\"async\" class=\"aligncenter size-full wp-image-812\" title=\"IMG_0114\" src=\"http:\/\/aplccorp.com\/voyages\/wp-content\/uploads\/2012\/08\/IMG_0114.jpg\" alt=\"\" width=\"650\" height=\"433\" srcset=\"https:\/\/aplccorp.com\/voyages\/wp-content\/uploads\/2012\/08\/IMG_0114.jpg 650w, https:\/\/aplccorp.com\/voyages\/wp-content\/uploads\/2012\/08\/IMG_0114-300x200.jpg 300w\" sizes=\"auto, (max-width: 650px) 100vw, 650px\" \/><\/a><\/p>\n<p><a href=\"http:\/\/aplccorp.com\/voyages\/wp-content\/uploads\/2012\/08\/IMG_0117.jpg\"><img loading=\"lazy\" decoding=\"async\" class=\"aligncenter size-full wp-image-813\" title=\"IMG_0117\" src=\"http:\/\/aplccorp.com\/voyages\/wp-content\/uploads\/2012\/08\/IMG_0117.jpg\" alt=\"\" width=\"650\" height=\"433\" srcset=\"https:\/\/aplccorp.com\/voyages\/wp-content\/uploads\/2012\/08\/IMG_0117.jpg 650w, https:\/\/aplccorp.com\/voyages\/wp-content\/uploads\/2012\/08\/IMG_0117-300x200.jpg 300w\" sizes=\"auto, (max-width: 650px) 100vw, 650px\" \/><\/a><\/p>\n<p>Un nuage qui essaie de passer au dessus de la montagne<\/p>\n<p>En s&rsquo;approchant du parc, on commence \u00e0 chercher un endroit pour passer la nuit. \u00c0 une 20aine de km, on aper\u00e7oit un panneau indiquant qu&rsquo;on entre dans la r\u00e9serve naturelle et qu&rsquo;il faut faire attention de ne pas \u00e9craser d&rsquo;ours ! Quelques secondes de r\u00e9flexions plus tard, et nous voil\u00e0 en train de faire demi-tour pour ressortir de l&rsquo;enceinte de la r\u00e9serve. C&rsquo;est pas que l&rsquo;id\u00e9e d&rsquo;\u00e9craser un ours nous perturbe, mais c&rsquo;est plut\u00f4t l&rsquo;id\u00e9e d&rsquo;une rencontre nocturne avec un plantigrade \u00e0 griffes autour de notre campement qui nous semble au del\u00e0 de nos capacit\u00e9s aventuri\u00e8res du moment.<\/p>\n<p><a href=\"http:\/\/aplccorp.com\/voyages\/wp-content\/uploads\/2012\/08\/20120827-194440.jpg\"><img decoding=\"async\" class=\"size-full aligncenter\" src=\"http:\/\/aplccorp.com\/voyages\/wp-content\/uploads\/2012\/08\/20120827-194440.jpg\" alt=\"20120827-194440.jpg\" \/><\/a><\/p>\n<p>On rebrousse donc chemin, et on trouve un spot sur une colline situ\u00e9e \u00e0 environ 25km de l&rsquo;entr\u00e9e du parc. En th\u00e9orie, cela devrait \u00eatre un coin plut\u00f4t tranquille niveau ours (on a bien rencontre 2 lapins qui essayaient de traverser la route, mais \u00e7a reste gentillet&#8230;)<\/p>\n<p>Pour le repas du soir, avant de faire demi-tour \u00e0 cause des ours, nous avions rep\u00e9r\u00e9 au bord de la route un resto qui semblait plein (c&rsquo;est quand m\u00eame souvent gage de qualit\u00e9). On s&rsquo;y arr\u00eate et on se prend une excellente assiette de grillades pour nous deux.<br \/>\nOn tape la discute avec 3 jeunes frenchies qui d\u00e9barquent pour 3 jours en Croatie (en vieux routards que nous sommes, avec nos 8 jours sur place, on leur file quelques tuyaux). Le resto dispose m\u00eame du wifi. On y passera un peu de temps pour pr\u00e9parer l&rsquo;article du lendemain.<\/p>\n","protected":false},"excerpt":{"rendered":"<p>Finalement on a plut\u00f4t bien dormi (enfin moi, je crois que la miss n&rsquo;a pas trop appr\u00e9ci\u00e9 les chiens qui ont aboy\u00e9 toute la nuit, et la proximit\u00e9 de la route &#8211; il devait y avoir un pont ou une plaque d&rsquo;\u00e9gout mal pos\u00e9e, mais \u00e0 chaque passage de voiture, \u00e7a faisait un bruit de [&hellip;]<\/p>\n","protected":false},"author":1,"featured_media":783,"comment_status":"open","ping_status":"open","sticky":false,"template":"","format":"gallery","meta":{"_jetpack_memberships_contains_paid_content":false,"footnotes":""},"categories":[7],"tags":[],"class_list":["post-765","post","type-post","status-publish","format-gallery","has-post-thumbnail","hentry","category-croatie-2012","post_format-post-format-gallery"],"jetpack_featured_media_url":"https:\/\/aplccorp.com\/voyages\/wp-content\/uploads\/2012\/08\/IMG_9957.jpg","jetpack_sharing_enabled":true,"_links":{"self":[{"href":"https:\/\/aplccorp.com\/voyages\/index.php?rest_route=\/wp\/v2\/posts\/765","targetHints":{"allow":["GET"]}}],"collection":[{"href":"https:\/\/aplccorp.com\/voyages\/index.php?rest_route=\/wp\/v2\/posts"}],"about":[{"href":"https:\/\/aplccorp.com\/voyages\/index.php?rest_route=\/wp\/v2\/types\/post"}],"author":[{"embeddable":true,"href":"https:\/\/aplccorp.com\/voyages\/index.php?rest_route=\/wp\/v2\/users\/1"}],"replies":[{"embeddable":true,"href":"https:\/\/aplccorp.com\/voyages\/index.php?rest_route=%2Fwp%2Fv2%2Fcomments&post=765"}],"version-history":[{"count":15,"href":"https:\/\/aplccorp.com\/voyages\/index.php?rest_route=\/wp\/v2\/posts\/765\/revisions"}],"predecessor-version":[{"id":1605,"href":"https:\/\/aplccorp.com\/voyages\/index.php?rest_route=\/wp\/v2\/posts\/765\/revisions\/1605"}],"wp:featuredmedia":[{"embeddable":true,"href":"https:\/\/aplccorp.com\/voyages\/index.php?rest_route=\/wp\/v2\/media\/783"}],"wp:attachment":[{"href":"https:\/\/aplccorp.com\/voyages\/index.php?rest_route=%2Fwp%2Fv2%2Fmedia&parent=765"}],"wp:term":[{"taxonomy":"category","embeddable":true,"href":"https:\/\/aplccorp.com\/voyages\/index.php?rest_route=%2Fwp%2Fv2%2Fcategories&post=765"},{"taxonomy":"post_tag","embeddable":true,"href":"https:\/\/aplccorp.com\/voyages\/index.php?rest_route=%2Fwp%2Fv2%2Ftags&post=765"}],"curies":[{"name":"wp","href":"https:\/\/api.w.org\/{rel}","templated":true}]}}