{"id":735,"date":"2012-08-26T11:33:14","date_gmt":"2012-08-26T09:33:14","guid":{"rendered":"http:\/\/aplccorp.com\/voyages\/?p=735"},"modified":"2015-01-17T16:52:42","modified_gmt":"2015-01-17T14:52:42","slug":"trogir-sibenik-biograd","status":"publish","type":"post","link":"https:\/\/aplccorp.com\/voyages\/?p=735","title":{"rendered":"Trogir &#8211; Sibenik &#8211; Biograd"},"content":{"rendered":"<p>Au programme aujourd&rsquo;hui, nous avons une visite du centre historique de Trogir (de jour, parce que de nuit on n&rsquo;y voyait pas grand chose), puis une remont\u00e9e de la c\u00f4te en direction de Zadar.<\/p>\n<p>On commence donc par la visite de Trogir, non sans profiter une derni\u00e8re fois de la douche de notre \u00ab\u00a0Sobe\u00a0\u00bb (chambre). On discute aussi un peu avec la g\u00e9rante qui parle tr\u00e8s bien anglais (d&rsquo;ailleurs, la plupart des Croates avec qui nous avons eu l&rsquo;occasion de parler un peu se d\u00e9brouillaient un minimum en anglais. Pas forc\u00e9ment de quoi tenir une conversation, mais au moins de quoi se faire comprendre. Peut \u00eatre parce que nous longeons la c\u00f4te, qui est beaucoup plus touristique que le reste du pays). Elle nous confirm\u00e9 ce que nous avions lu dans le journal il y&rsquo;a 3 jours : l&rsquo;incendie qui a menac\u00e9 Trogir quelques jours plus t\u00f4t. Depuis sa maison, on voit tr\u00e8s bien jusqu&rsquo;o\u00f9 il est arriv\u00e9 (\u00e0 quelques m\u00e8tres des premi\u00e8res habitations).<\/p>\n<p><a href=\"http:\/\/aplccorp.com\/voyages\/wp-content\/uploads\/2012\/08\/IMG_9885.jpg\"><img loading=\"lazy\" decoding=\"async\" class=\"aligncenter size-full wp-image-741\" title=\"IMG_9885\" src=\"http:\/\/aplccorp.com\/voyages\/wp-content\/uploads\/2012\/08\/IMG_9885.jpg\" alt=\"\" width=\"650\" height=\"433\" srcset=\"https:\/\/aplccorp.com\/voyages\/wp-content\/uploads\/2012\/08\/IMG_9885.jpg 650w, https:\/\/aplccorp.com\/voyages\/wp-content\/uploads\/2012\/08\/IMG_9885-300x200.jpg 300w\" sizes=\"auto, (max-width: 650px) 100vw, 650px\" \/><\/a><\/p>\n<p>La ville de Trogir est situ\u00e9e sur une petite \u00eele qui est reli\u00e9e au continent par un pont. Les routes n&rsquo;ont d&rsquo;ailleurs pas \u00e9t\u00e9 am\u00e9nag\u00e9es depuis 40ans (dixit la g\u00e9rante) ce qui fait que la ville est constamment sujette \u00e0 des embouteillages monstres (d&rsquo;ailleurs, elle nous explique que ce n&rsquo;est pas la peine d&rsquo;essayer de quitter la ville avant 14h, car on mettrait plus d&rsquo;une heure pour traverser le pont).<\/p>\n<p><a href=\"http:\/\/aplccorp.com\/voyages\/wp-content\/uploads\/2012\/08\/IMG_9859.jpg\"><img loading=\"lazy\" decoding=\"async\" class=\"aligncenter size-full wp-image-742\" title=\"IMG_9859\" src=\"http:\/\/aplccorp.com\/voyages\/wp-content\/uploads\/2012\/08\/IMG_9859.jpg\" alt=\"\" width=\"650\" height=\"433\" srcset=\"https:\/\/aplccorp.com\/voyages\/wp-content\/uploads\/2012\/08\/IMG_9859.jpg 650w, https:\/\/aplccorp.com\/voyages\/wp-content\/uploads\/2012\/08\/IMG_9859-300x200.jpg 300w\" sizes=\"auto, (max-width: 650px) 100vw, 650px\" \/><\/a><\/p>\n<p>Le port de Trogir<\/p>\n<p><a href=\"http:\/\/aplccorp.com\/voyages\/wp-content\/uploads\/2012\/08\/IMG_9862.jpg\"><img loading=\"lazy\" decoding=\"async\" class=\"aligncenter size-full wp-image-743\" title=\"IMG_9862\" src=\"http:\/\/aplccorp.com\/voyages\/wp-content\/uploads\/2012\/08\/IMG_9862.jpg\" alt=\"\" width=\"650\" height=\"433\" srcset=\"https:\/\/aplccorp.com\/voyages\/wp-content\/uploads\/2012\/08\/IMG_9862.jpg 650w, https:\/\/aplccorp.com\/voyages\/wp-content\/uploads\/2012\/08\/IMG_9862-300x200.jpg 300w\" sizes=\"auto, (max-width: 650px) 100vw, 650px\" \/><\/a><\/p>\n<p>La m\u00eame photo qu&rsquo;hier soir<\/p>\n<p><a href=\"http:\/\/aplccorp.com\/voyages\/wp-content\/uploads\/2012\/08\/IMG_9864.jpg\"><img loading=\"lazy\" decoding=\"async\" class=\"aligncenter size-full wp-image-744\" title=\"IMG_9864\" src=\"http:\/\/aplccorp.com\/voyages\/wp-content\/uploads\/2012\/08\/IMG_9864.jpg\" alt=\"\" width=\"433\" height=\"650\" srcset=\"https:\/\/aplccorp.com\/voyages\/wp-content\/uploads\/2012\/08\/IMG_9864.jpg 433w, https:\/\/aplccorp.com\/voyages\/wp-content\/uploads\/2012\/08\/IMG_9864-200x300.jpg 200w\" sizes=\"auto, (max-width: 433px) 100vw, 433px\" \/><\/a><\/p>\n<p>La cath\u00e9drale St-Laurent<\/p>\n<p><a href=\"http:\/\/aplccorp.com\/voyages\/wp-content\/uploads\/2012\/08\/IMG_9868.jpg\"><img loading=\"lazy\" decoding=\"async\" class=\"aligncenter size-full wp-image-745\" title=\"IMG_9868\" src=\"http:\/\/aplccorp.com\/voyages\/wp-content\/uploads\/2012\/08\/IMG_9868.jpg\" alt=\"\" width=\"650\" height=\"433\" srcset=\"https:\/\/aplccorp.com\/voyages\/wp-content\/uploads\/2012\/08\/IMG_9868.jpg 650w, https:\/\/aplccorp.com\/voyages\/wp-content\/uploads\/2012\/08\/IMG_9868-300x200.jpg 300w\" sizes=\"auto, (max-width: 650px) 100vw, 650px\" \/><\/a>L&rsquo;hotel de ville<\/p>\n<p><a href=\"http:\/\/aplccorp.com\/voyages\/wp-content\/uploads\/2012\/08\/IMG_9871.jpg\"><img loading=\"lazy\" decoding=\"async\" class=\"aligncenter size-full wp-image-746\" title=\"IMG_9871\" src=\"http:\/\/aplccorp.com\/voyages\/wp-content\/uploads\/2012\/08\/IMG_9871.jpg\" alt=\"\" width=\"433\" height=\"650\" srcset=\"https:\/\/aplccorp.com\/voyages\/wp-content\/uploads\/2012\/08\/IMG_9871.jpg 433w, https:\/\/aplccorp.com\/voyages\/wp-content\/uploads\/2012\/08\/IMG_9871-200x300.jpg 200w\" sizes=\"auto, (max-width: 433px) 100vw, 433px\" \/><\/a><\/p>\n<p>Petites ruelle avec vestiges anciens<\/p>\n<p><a href=\"http:\/\/aplccorp.com\/voyages\/wp-content\/uploads\/2012\/08\/IMG_9874.jpg\"><img loading=\"lazy\" decoding=\"async\" class=\"aligncenter size-full wp-image-747\" title=\"IMG_9874\" src=\"http:\/\/aplccorp.com\/voyages\/wp-content\/uploads\/2012\/08\/IMG_9874.jpg\" alt=\"\" width=\"650\" height=\"433\" srcset=\"https:\/\/aplccorp.com\/voyages\/wp-content\/uploads\/2012\/08\/IMG_9874.jpg 650w, https:\/\/aplccorp.com\/voyages\/wp-content\/uploads\/2012\/08\/IMG_9874-300x200.jpg 300w\" sizes=\"auto, (max-width: 650px) 100vw, 650px\" \/><\/a><\/p>\n<p>Un beau batiment sur le port<\/p>\n<p><a href=\"http:\/\/aplccorp.com\/voyages\/wp-content\/uploads\/2012\/08\/IMG_9876.jpg\"><img loading=\"lazy\" decoding=\"async\" class=\"aligncenter size-full wp-image-748\" title=\"IMG_9876\" src=\"http:\/\/aplccorp.com\/voyages\/wp-content\/uploads\/2012\/08\/IMG_9876.jpg\" alt=\"\" width=\"650\" height=\"433\" srcset=\"https:\/\/aplccorp.com\/voyages\/wp-content\/uploads\/2012\/08\/IMG_9876.jpg 650w, https:\/\/aplccorp.com\/voyages\/wp-content\/uploads\/2012\/08\/IMG_9876-300x200.jpg 300w\" sizes=\"auto, (max-width: 650px) 100vw, 650px\" \/><\/a><\/p>\n<p>La forteresse de Kamerlengo<\/p>\n<p><a href=\"http:\/\/aplccorp.com\/voyages\/wp-content\/uploads\/2012\/08\/IMG_9878.jpg\"><img loading=\"lazy\" decoding=\"async\" class=\"aligncenter size-full wp-image-749\" title=\"IMG_9878\" src=\"http:\/\/aplccorp.com\/voyages\/wp-content\/uploads\/2012\/08\/IMG_9878.jpg\" alt=\"\" width=\"650\" height=\"433\" srcset=\"https:\/\/aplccorp.com\/voyages\/wp-content\/uploads\/2012\/08\/IMG_9878.jpg 650w, https:\/\/aplccorp.com\/voyages\/wp-content\/uploads\/2012\/08\/IMG_9878-300x200.jpg 300w\" sizes=\"auto, (max-width: 650px) 100vw, 650px\" \/><\/a>Le port<\/p>\n<p><a href=\"http:\/\/aplccorp.com\/voyages\/wp-content\/uploads\/2012\/08\/IMG_9881.jpg\"><img loading=\"lazy\" decoding=\"async\" class=\"aligncenter size-full wp-image-750\" title=\"IMG_9881\" src=\"http:\/\/aplccorp.com\/voyages\/wp-content\/uploads\/2012\/08\/IMG_9881.jpg\" alt=\"\" width=\"433\" height=\"650\" srcset=\"https:\/\/aplccorp.com\/voyages\/wp-content\/uploads\/2012\/08\/IMG_9881.jpg 433w, https:\/\/aplccorp.com\/voyages\/wp-content\/uploads\/2012\/08\/IMG_9881-200x300.jpg 200w\" sizes=\"auto, (max-width: 433px) 100vw, 433px\" \/><\/a><\/p>\n<p>Avec ses palmiers<\/p>\n<p>On finit notre visite par un ice caf\u00e9 et un Granita au fruit de la passion pour faire baisser la temp\u00e9rature, puis on prend la route en direction du nord.<\/p>\n<p><a href=\"http:\/\/aplccorp.com\/voyages\/wp-content\/uploads\/2012\/08\/IMG_9884.jpg\"><img loading=\"lazy\" decoding=\"async\" title=\"IMG_9884\" src=\"http:\/\/aplccorp.com\/voyages\/wp-content\/uploads\/2012\/08\/IMG_9884.jpg\" alt=\"\" width=\"650\" height=\"433\" \/><\/a><\/p>\n<p>\u00ab\u00a0Il fait chauuuuud, il fait de plus en plus chauuuuuuuuuuuud\u00a0\u00bb (Passi)<\/p>\n<p>En repartant on aper\u00e7oit depuis la route la belle ville de Primo\u0161ten.<\/p>\n<p><img loading=\"lazy\" decoding=\"async\" class=\"aligncenter size-full wp-image-753\" title=\"IMG_9889\" src=\"http:\/\/aplccorp.com\/voyages\/wp-content\/uploads\/2012\/08\/IMG_98891.jpg\" alt=\"\" width=\"650\" height=\"433\" srcset=\"https:\/\/aplccorp.com\/voyages\/wp-content\/uploads\/2012\/08\/IMG_98891.jpg 650w, https:\/\/aplccorp.com\/voyages\/wp-content\/uploads\/2012\/08\/IMG_98891-300x200.jpg 300w\" sizes=\"auto, (max-width: 650px) 100vw, 650px\" \/><\/p>\n<p>Sur notre route, on passe ensuite \u00e0 c\u00f4t\u00e9 de Sibenik. D&rsquo;apr\u00e8s le Lonely, il s&rsquo;agit d&rsquo;une charmante ville m\u00e9di\u00e9vale mais qui ne s&rsquo;est pas encore d\u00e9velopp\u00e9e d&rsquo;un point de vue touristique. On d\u00e9cide d&rsquo;y faire un tour pour voir ce qu&rsquo;il en est. Et en effet, on est rapidement conquis par cette ville sympathique.<br \/>\nDe belles \u00e9glises, des fortifications, un cimeti\u00e8re ancien qui surplombe la ville et offre un point de vue int\u00e9ressant, et un jardin m\u00e9di\u00e9val entour\u00e9 de petites ruelles. Bref, on sent le potentiel de cette ville, et on se dit que d&rsquo;ici quelques ann\u00e9es, vous entendrez parler de Sibenik.<\/p>\n<p><a href=\"http:\/\/aplccorp.com\/voyages\/wp-content\/uploads\/2012\/08\/IMG_9892.jpg\"><img loading=\"lazy\" decoding=\"async\" class=\"aligncenter size-full wp-image-754\" title=\"IMG_9892\" src=\"http:\/\/aplccorp.com\/voyages\/wp-content\/uploads\/2012\/08\/IMG_9892.jpg\" alt=\"\" width=\"433\" height=\"650\" srcset=\"https:\/\/aplccorp.com\/voyages\/wp-content\/uploads\/2012\/08\/IMG_9892.jpg 433w, https:\/\/aplccorp.com\/voyages\/wp-content\/uploads\/2012\/08\/IMG_9892-200x300.jpg 200w\" sizes=\"auto, (max-width: 433px) 100vw, 433px\" \/><\/a><\/p>\n<p>La cath\u00e9drale Saint Jacques<\/p>\n<p><a href=\"http:\/\/aplccorp.com\/voyages\/wp-content\/uploads\/2012\/08\/IMG_9893.jpg\"><img loading=\"lazy\" decoding=\"async\" class=\"aligncenter size-full wp-image-755\" title=\"IMG_9893\" src=\"http:\/\/aplccorp.com\/voyages\/wp-content\/uploads\/2012\/08\/IMG_9893.jpg\" alt=\"\" width=\"650\" height=\"433\" srcset=\"https:\/\/aplccorp.com\/voyages\/wp-content\/uploads\/2012\/08\/IMG_9893.jpg 650w, https:\/\/aplccorp.com\/voyages\/wp-content\/uploads\/2012\/08\/IMG_9893-300x200.jpg 300w\" sizes=\"auto, (max-width: 650px) 100vw, 650px\" \/><\/a><\/p>\n<p><a href=\"http:\/\/aplccorp.com\/voyages\/wp-content\/uploads\/2012\/08\/IMG_9902.jpg\"><img loading=\"lazy\" decoding=\"async\" class=\"aligncenter size-full wp-image-756\" title=\"IMG_9902\" src=\"http:\/\/aplccorp.com\/voyages\/wp-content\/uploads\/2012\/08\/IMG_9902.jpg\" alt=\"\" width=\"433\" height=\"650\" srcset=\"https:\/\/aplccorp.com\/voyages\/wp-content\/uploads\/2012\/08\/IMG_9902.jpg 433w, https:\/\/aplccorp.com\/voyages\/wp-content\/uploads\/2012\/08\/IMG_9902-200x300.jpg 200w\" sizes=\"auto, (max-width: 433px) 100vw, 433px\" \/><\/a><\/p>\n<p>Ils ont pens\u00e9 aux touristes en mettant des explications sur les principaux monuments&#8230; faudra juste penser \u00e0 arr\u00eater d&rsquo;utiliser Google Translate&#8230;<\/p>\n<p><a href=\"http:\/\/aplccorp.com\/voyages\/wp-content\/uploads\/2012\/08\/IMG_9906.jpg\"><img loading=\"lazy\" decoding=\"async\" class=\"aligncenter size-full wp-image-757\" title=\"IMG_9906\" src=\"http:\/\/aplccorp.com\/voyages\/wp-content\/uploads\/2012\/08\/IMG_9906.jpg\" alt=\"\" width=\"433\" height=\"650\" srcset=\"https:\/\/aplccorp.com\/voyages\/wp-content\/uploads\/2012\/08\/IMG_9906.jpg 433w, https:\/\/aplccorp.com\/voyages\/wp-content\/uploads\/2012\/08\/IMG_9906-200x300.jpg 200w\" sizes=\"auto, (max-width: 433px) 100vw, 433px\" \/><\/a><\/p>\n<p>Vue sur la ville depuis le cimeti\u00e8re<\/p>\n<p><a href=\"http:\/\/aplccorp.com\/voyages\/wp-content\/uploads\/2012\/08\/IMG_9908.jpg\"><img loading=\"lazy\" decoding=\"async\" class=\"aligncenter size-full wp-image-758\" title=\"IMG_9908\" src=\"http:\/\/aplccorp.com\/voyages\/wp-content\/uploads\/2012\/08\/IMG_9908.jpg\" alt=\"\" width=\"650\" height=\"433\" srcset=\"https:\/\/aplccorp.com\/voyages\/wp-content\/uploads\/2012\/08\/IMG_9908.jpg 650w, https:\/\/aplccorp.com\/voyages\/wp-content\/uploads\/2012\/08\/IMG_9908-300x200.jpg 300w\" sizes=\"auto, (max-width: 650px) 100vw, 650px\" \/><\/a><\/p>\n<p><a href=\"http:\/\/aplccorp.com\/voyages\/wp-content\/uploads\/2012\/08\/IMG_9911.jpg\"><img loading=\"lazy\" decoding=\"async\" class=\"aligncenter size-full wp-image-759\" title=\"IMG_9911\" src=\"http:\/\/aplccorp.com\/voyages\/wp-content\/uploads\/2012\/08\/IMG_9911.jpg\" alt=\"\" width=\"433\" height=\"650\" srcset=\"https:\/\/aplccorp.com\/voyages\/wp-content\/uploads\/2012\/08\/IMG_9911.jpg 433w, https:\/\/aplccorp.com\/voyages\/wp-content\/uploads\/2012\/08\/IMG_9911-200x300.jpg 200w\" sizes=\"auto, (max-width: 433px) 100vw, 433px\" \/><\/a><\/p>\n<p>Le jardin m\u00e9di\u00e9val du monast\u00e8re St Laurent<\/p>\n<p>On poursuit notre route vers le nord (enfin, plus exactement, on essaie de poursuivre notre route, car \u00e0 vrai dire on s&rsquo;est un peu paum\u00e9s en sortant de Sibenik). On voulait longer la c\u00f4t\u00e9 jusqu&rsquo;\u00e0 Zadar, mais en \u00e9vitant l&rsquo;autoroute. Mais tous les panneaux qu&rsquo;on voyait indiquaient Zadar par l&rsquo;autoroute. Finalement, apr\u00e8s \u00eatre entr\u00e9s dans de petits villages de p\u00eacheurs et fait machine arri\u00e8re, on a retrouv\u00e9 notre chemin.<\/p>\n<p><a href=\"http:\/\/aplccorp.com\/voyages\/wp-content\/uploads\/2012\/08\/20120826-113758.jpg\"><img decoding=\"async\" class=\"size-full aligncenter\" src=\"http:\/\/aplccorp.com\/voyages\/wp-content\/uploads\/2012\/08\/20120826-113758.jpg\" alt=\"20120826-113758.jpg\" \/><\/a><br \/>\nEn route, on est tomb\u00e9s sur une \u00e9glise New-Age, avec J\u00e9sus qui nage avec les poissons<\/p>\n<p>Au passage, il faut qu&rsquo;on vous explique quelque chose \u00e0 propos de la langue Croate. C&rsquo;est une langue qui ressemble \u00e0 toutes les autres langues europ\u00e9ennes, au d\u00e9tail pr\u00e8s que pour faire des \u00e9conomies d&rsquo;encre, ils ont d\u00e9cid\u00e9 de supprimer toutes les voyelles.<br \/>\nCela a donn\u00e9 des noms comme l&rsquo;\u00eele de Krk (v\u00e9ridique, \u00e7a existe!)<\/p>\n<p>Bon, \u00e0 un moment ils ont eu piti\u00e9 des \u00e9trangers qui n&rsquo;arrivaient pas \u00e0 prononcer la moiti\u00e9 des mots et ils ont quand m\u00eame accept\u00e9 de mettre quelques voyelles, mais \u00e0 condition que ce soit en nombre limit\u00e9, genre :<br \/>\n&#8211; le parc national de Krka<br \/>\n&#8211; l&rsquo;\u00eele de mljet<br \/>\n&#8211; lac d&rsquo;Okrugljak<br \/>\n&#8211; lac de Pros\u0107ansko<br \/>\n&#8211; Prvi\u0107<br \/>\n&#8211; Vbrnik<\/p>\n<p>Bref, tout \u00e7a pour dire que le boulot du CO-pilote en Croatie n&rsquo;est pas toujours des plus simples (le temps que t&rsquo;as r\u00e9ussi \u00e0 lire la moiti\u00e9 du nom de la localit\u00e9 qu&rsquo;on a d\u00e9j\u00e0 d\u00e9pass\u00e9 le croisement).<\/p>\n<p>Illustration :<\/p>\n<p><a href=\"http:\/\/aplccorp.com\/voyages\/wp-content\/uploads\/2012\/08\/20120826-113910.jpg\"><img decoding=\"async\" class=\"size-full aligncenter\" src=\"http:\/\/aplccorp.com\/voyages\/wp-content\/uploads\/2012\/08\/20120826-113910.jpg\" alt=\"20120826-113910.jpg\" \/><\/a><\/p>\n<p><a href=\"http:\/\/aplccorp.com\/voyages\/wp-content\/uploads\/2012\/08\/IMG_9912.jpg\"><img loading=\"lazy\" decoding=\"async\" class=\"aligncenter size-full wp-image-760\" title=\"IMG_9912\" src=\"http:\/\/aplccorp.com\/voyages\/wp-content\/uploads\/2012\/08\/IMG_9912.jpg\" alt=\"\" width=\"650\" height=\"433\" srcset=\"https:\/\/aplccorp.com\/voyages\/wp-content\/uploads\/2012\/08\/IMG_9912.jpg 650w, https:\/\/aplccorp.com\/voyages\/wp-content\/uploads\/2012\/08\/IMG_9912-300x200.jpg 300w\" sizes=\"auto, (max-width: 650px) 100vw, 650px\" \/><\/a><\/p>\n<p>Le soleil commence \u00e0 baisser et on se dit qu&rsquo;on piquerait bien une t\u00eate dans la mer. On s&rsquo;arr\u00eate \u00e0 Biograd qui, malgr\u00e9 son nom \u00e0 forte consonance \u00e9cologique, \u00e0 tout de la station baln\u00e9aire de masse. On trouve quand m\u00eame une place pour poser notre serviette et profiter de la playa.<\/p>\n<p><a href=\"http:\/\/aplccorp.com\/voyages\/wp-content\/uploads\/2012\/08\/IMG_9918.jpg\"><img loading=\"lazy\" decoding=\"async\" class=\"aligncenter size-full wp-image-761\" title=\"IMG_9918\" src=\"http:\/\/aplccorp.com\/voyages\/wp-content\/uploads\/2012\/08\/IMG_9918.jpg\" alt=\"\" width=\"650\" height=\"433\" srcset=\"https:\/\/aplccorp.com\/voyages\/wp-content\/uploads\/2012\/08\/IMG_9918.jpg 650w, https:\/\/aplccorp.com\/voyages\/wp-content\/uploads\/2012\/08\/IMG_9918-300x200.jpg 300w\" sizes=\"auto, (max-width: 650px) 100vw, 650px\" \/><\/a><\/p>\n<p><a href=\"http:\/\/aplccorp.com\/voyages\/wp-content\/uploads\/2012\/08\/IMG_9916.jpg\"><img loading=\"lazy\" decoding=\"async\" class=\"aligncenter size-full wp-image-762\" title=\"IMG_9916\" src=\"http:\/\/aplccorp.com\/voyages\/wp-content\/uploads\/2012\/08\/IMG_9916.jpg\" alt=\"\" width=\"650\" height=\"433\" srcset=\"https:\/\/aplccorp.com\/voyages\/wp-content\/uploads\/2012\/08\/IMG_9916.jpg 650w, https:\/\/aplccorp.com\/voyages\/wp-content\/uploads\/2012\/08\/IMG_9916-300x200.jpg 300w\" sizes=\"auto, (max-width: 650px) 100vw, 650px\" \/><\/a><\/p>\n<p>Quand on sort, le soleil est d\u00e9j\u00e0 couch\u00e9, et il nous faut trouver rapidement notre emplacement pour la nuit. On fait quelques courses rapidos dans un supermarch\u00e9 (sympa le rayon traiteur), et on sort de la ville en direction de Zadar. Quelques minutes plus tard, on prend une petite route, puis un chemin qui nous am\u00e8ne dans un esp\u00e8ce de terrain vague en pleine campagne, juste \u00e0 c\u00f4t\u00e9 d&rsquo;une \u00e9glise qui semble assez \u00e0 l&rsquo;\u00e9cart de la civilisation.<\/p>\n<p>Ce sera parfait.<\/p>\n<p>On d\u00e9guste notre repas royal :<br \/>\n&#8211; salade de mayonnaise avec quelques p\u00e2tes<br \/>\n&#8211; salade de mayonnaise avec quelques l\u00e9gumes coupes fin (style mac\u00e9doine)<br \/>\n&#8211; salade de mayonnaise avec du riz (bon, ok, y&rsquo;avait pas de mayo dans le riz)<br \/>\nEt en dessert : g\u00e2teau \u00e0 base de cr\u00e8me, sucre, sucre glace, et chocolat.<br \/>\nSi avec \u00e7a on ne tombe pas malades cette nuit, c&rsquo;est qu&rsquo;on a l&rsquo;estomac solide \ud83d\ude00<\/p>\n<p>@demain (ou pas &#8211; le coin a l&rsquo;air louche&#8230;)<\/p>\n","protected":false},"excerpt":{"rendered":"<p>Au programme aujourd&rsquo;hui, nous avons une visite du centre historique de Trogir (de jour, parce que de nuit on n&rsquo;y voyait pas grand chose), puis une remont\u00e9e de la c\u00f4te en direction de Zadar. On commence donc par la visite de Trogir, non sans profiter une derni\u00e8re fois de la douche de notre \u00ab\u00a0Sobe\u00a0\u00bb (chambre). [&hellip;]<\/p>\n","protected":false},"author":1,"featured_media":761,"comment_status":"open","ping_status":"open","sticky":false,"template":"","format":"gallery","meta":{"_jetpack_memberships_contains_paid_content":false,"footnotes":""},"categories":[7],"tags":[],"class_list":["post-735","post","type-post","status-publish","format-gallery","has-post-thumbnail","hentry","category-croatie-2012","post_format-post-format-gallery"],"jetpack_featured_media_url":"https:\/\/aplccorp.com\/voyages\/wp-content\/uploads\/2012\/08\/IMG_9918.jpg","jetpack_sharing_enabled":true,"_links":{"self":[{"href":"https:\/\/aplccorp.com\/voyages\/index.php?rest_route=\/wp\/v2\/posts\/735","targetHints":{"allow":["GET"]}}],"collection":[{"href":"https:\/\/aplccorp.com\/voyages\/index.php?rest_route=\/wp\/v2\/posts"}],"about":[{"href":"https:\/\/aplccorp.com\/voyages\/index.php?rest_route=\/wp\/v2\/types\/post"}],"author":[{"embeddable":true,"href":"https:\/\/aplccorp.com\/voyages\/index.php?rest_route=\/wp\/v2\/users\/1"}],"replies":[{"embeddable":true,"href":"https:\/\/aplccorp.com\/voyages\/index.php?rest_route=%2Fwp%2Fv2%2Fcomments&post=735"}],"version-history":[{"count":5,"href":"https:\/\/aplccorp.com\/voyages\/index.php?rest_route=\/wp\/v2\/posts\/735\/revisions"}],"predecessor-version":[{"id":1595,"href":"https:\/\/aplccorp.com\/voyages\/index.php?rest_route=\/wp\/v2\/posts\/735\/revisions\/1595"}],"wp:featuredmedia":[{"embeddable":true,"href":"https:\/\/aplccorp.com\/voyages\/index.php?rest_route=\/wp\/v2\/media\/761"}],"wp:attachment":[{"href":"https:\/\/aplccorp.com\/voyages\/index.php?rest_route=%2Fwp%2Fv2%2Fmedia&parent=735"}],"wp:term":[{"taxonomy":"category","embeddable":true,"href":"https:\/\/aplccorp.com\/voyages\/index.php?rest_route=%2Fwp%2Fv2%2Fcategories&post=735"},{"taxonomy":"post_tag","embeddable":true,"href":"https:\/\/aplccorp.com\/voyages\/index.php?rest_route=%2Fwp%2Fv2%2Ftags&post=735"}],"curies":[{"name":"wp","href":"https:\/\/api.w.org\/{rel}","templated":true}]}}