{"id":419,"date":"2012-08-16T23:29:24","date_gmt":"2012-08-16T21:29:24","guid":{"rendered":"http:\/\/aplccorp.com\/voyages\/?p=419"},"modified":"2015-01-17T17:19:10","modified_gmt":"2015-01-17T15:19:10","slug":"croatie-nous-voila","status":"publish","type":"post","link":"https:\/\/aplccorp.com\/voyages\/?p=419","title":{"rendered":"Croatie, nous voil\u00e0 !"},"content":{"rendered":"<p>Inaugurons ce nouvel espace virtuel qui regroupera, \u00e0 terme, la plupart des voyages effectu\u00e9s depuis 2003. En attendant, une refonte du site \u00ab\u00a0statique\u00a0\u00bb sur Madagascar 2003 est d\u00e9j\u00e0 pr\u00e9sente. Les autres suivront prochainement.<\/p>\n<p>Mais l&rsquo;actualit\u00e9 c&rsquo;est la Croatie. D\u00e9part samedi 18 ao\u00fbt (soit d&rsquo;ici deux jours!!) pour deux semaines de vadrouille dans ce pays dont le nom \u00e9voque \u00e0 la fois des vestiges des si\u00e8cles pass\u00e9s, des images de guerre et des souvenirs d&rsquo;ado regardant le JT de 20h, et plus r\u00e9cemment de belles plages cach\u00e9es dans des criques, des montagnes nues, et des milliers de touristes grassouillets \u00e0 la peau blanche, en short et d\u00e9bardeur, \u00e0 la recherche du soleil et du beau temps au bord de l&rsquo;Adriatique&#8230;<\/p>\n<p>On en fera donc partie pour les 15 prochains jours (grassouillets, peau blanche &#8211; ou pas, short et d\u00e9bardeur : <a href=\"http:\/\/aplccorp.com\/voyages\/wp-content\/uploads\/2012\/08\/icon-check.png\"><img loading=\"lazy\" decoding=\"async\" class=\"alignnone size-full wp-image-423\" title=\"icon-check\" src=\"http:\/\/aplccorp.com\/voyages\/wp-content\/uploads\/2012\/08\/icon-check.png\" alt=\"\" width=\"16\" height=\"16\" \/><\/a>). L&rsquo;id\u00e9e est de voyager comme on aime bien, \u00e0 savoir en mode itin\u00e9rant, \u00e0 bord de notre (nouveau) fier destrier, pour descendre d&rsquo;abord tout au sud de la Croatie, jusqu&rsquo;\u00e0 Dubrovnik, pour ensuite remonter au gr\u00e9 des envies, des routes et de la densit\u00e9 de touristes vers la Dalmatie du Nord, quelques \u00eeles, et jusqu&rsquo;\u00e0 l&rsquo;Istrie&#8230;<\/p>\n<p>Il nous reste quelques pr\u00e9paratifs (notamment l&rsquo;am\u00e9nagement de la voiture, avec de magnifiques rideaux confectionn\u00e9s mains), mais globalement, on est sur les starting blocks!<\/p>\n<p><a href=\"http:\/\/aplccorp.com\/voyages\/wp-content\/uploads\/2012\/08\/Croatie-carte.png\"><img loading=\"lazy\" decoding=\"async\" class=\"size-full wp-image-420 aligncenter\" title=\"Croatie carte\" src=\"http:\/\/aplccorp.com\/voyages\/wp-content\/uploads\/2012\/08\/Croatie-carte.png\" alt=\"\" width=\"800\" height=\"800\" srcset=\"https:\/\/aplccorp.com\/voyages\/wp-content\/uploads\/2012\/08\/Croatie-carte.png 800w, https:\/\/aplccorp.com\/voyages\/wp-content\/uploads\/2012\/08\/Croatie-carte-200x200.png 200w, https:\/\/aplccorp.com\/voyages\/wp-content\/uploads\/2012\/08\/Croatie-carte-300x300.png 300w, https:\/\/aplccorp.com\/voyages\/wp-content\/uploads\/2012\/08\/Croatie-carte-690x690.png 690w\" sizes=\"auto, (max-width: 800px) 100vw, 800px\" \/><\/a><\/p>\n<p>Vivement samedi!<\/p>\n","protected":false},"excerpt":{"rendered":"<p>Inaugurons ce nouvel espace virtuel qui regroupera, \u00e0 terme, la plupart des voyages effectu\u00e9s depuis 2003. En attendant, une refonte du site \u00ab\u00a0statique\u00a0\u00bb sur Madagascar 2003 est d\u00e9j\u00e0 pr\u00e9sente. Les autres suivront prochainement. Mais l&rsquo;actualit\u00e9 c&rsquo;est la Croatie. D\u00e9part samedi 18 ao\u00fbt (soit d&rsquo;ici deux jours!!) pour deux semaines de vadrouille dans ce pays dont [&hellip;]<\/p>\n","protected":false},"author":1,"featured_media":420,"comment_status":"open","ping_status":"open","sticky":false,"template":"","format":"gallery","meta":{"_jetpack_memberships_contains_paid_content":false,"footnotes":""},"categories":[7],"tags":[],"class_list":["post-419","post","type-post","status-publish","format-gallery","has-post-thumbnail","hentry","category-croatie-2012","post_format-post-format-gallery"],"jetpack_featured_media_url":"https:\/\/aplccorp.com\/voyages\/wp-content\/uploads\/2012\/08\/Croatie-carte.png","jetpack_sharing_enabled":true,"_links":{"self":[{"href":"https:\/\/aplccorp.com\/voyages\/index.php?rest_route=\/wp\/v2\/posts\/419","targetHints":{"allow":["GET"]}}],"collection":[{"href":"https:\/\/aplccorp.com\/voyages\/index.php?rest_route=\/wp\/v2\/posts"}],"about":[{"href":"https:\/\/aplccorp.com\/voyages\/index.php?rest_route=\/wp\/v2\/types\/post"}],"author":[{"embeddable":true,"href":"https:\/\/aplccorp.com\/voyages\/index.php?rest_route=\/wp\/v2\/users\/1"}],"replies":[{"embeddable":true,"href":"https:\/\/aplccorp.com\/voyages\/index.php?rest_route=%2Fwp%2Fv2%2Fcomments&post=419"}],"version-history":[{"count":12,"href":"https:\/\/aplccorp.com\/voyages\/index.php?rest_route=\/wp\/v2\/posts\/419\/revisions"}],"predecessor-version":[{"id":1601,"href":"https:\/\/aplccorp.com\/voyages\/index.php?rest_route=\/wp\/v2\/posts\/419\/revisions\/1601"}],"wp:featuredmedia":[{"embeddable":true,"href":"https:\/\/aplccorp.com\/voyages\/index.php?rest_route=\/wp\/v2\/media\/420"}],"wp:attachment":[{"href":"https:\/\/aplccorp.com\/voyages\/index.php?rest_route=%2Fwp%2Fv2%2Fmedia&parent=419"}],"wp:term":[{"taxonomy":"category","embeddable":true,"href":"https:\/\/aplccorp.com\/voyages\/index.php?rest_route=%2Fwp%2Fv2%2Fcategories&post=419"},{"taxonomy":"post_tag","embeddable":true,"href":"https:\/\/aplccorp.com\/voyages\/index.php?rest_route=%2Fwp%2Fv2%2Ftags&post=419"}],"curies":[{"name":"wp","href":"https:\/\/api.w.org\/{rel}","templated":true}]}}