{"id":7734,"date":"2018-07-26T21:10:53","date_gmt":"2018-07-26T19:10:53","guid":{"rendered":"http:\/\/aplccorp.com\/voyages\/?p=7734"},"modified":"2018-07-26T21:10:53","modified_gmt":"2018-07-26T19:10:53","slug":"j-2-derniers-preparatifs-et-trajet-previsionnel","status":"publish","type":"post","link":"http:\/\/aplccorp.com\/voyages\/?p=7734","title":{"rendered":"J-2 Derniers pr\u00e9paratifs et trajet pr\u00e9visionnel"},"content":{"rendered":"<p>Ces derniers jours ont \u00e9t\u00e9 consacr\u00e9s \u00e0 la finalisation :<\/p>\n<ul>\n<li>Dernier nettoyage int\u00e9rieur du camion<\/li>\n<li>Chargement et rangement<\/li>\n<\/ul>\n<p>On a achet\u00e9 les derni\u00e8res \u00e9ditions du Lonely Planet Danemark et Su\u00e8de (la Norv\u00e8ge est encore d&rsquo;actualit\u00e9 &#8211; 2015) et je passe mes soir\u00e9es \u00e0 \u00e9tudier les points \u00e0 voir.<\/p>\n<p>Pour le moment, le parcours pr\u00e9visionnel serait le suivant :<\/p>\n<p><img loading=\"lazy\" decoding=\"async\" class=\"aligncenter size-full wp-image-7736\" src=\"http:\/\/aplccorp.com\/voyages\/wp-content\/uploads\/2018\/07\/Capture-d\u2019\u00e9cran-de-2018-07-26-21-07-38.png\" alt=\"\" width=\"1122\" height=\"1082\" srcset=\"http:\/\/aplccorp.com\/voyages\/wp-content\/uploads\/2018\/07\/Capture-d\u2019\u00e9cran-de-2018-07-26-21-07-38.png 1122w, http:\/\/aplccorp.com\/voyages\/wp-content\/uploads\/2018\/07\/Capture-d\u2019\u00e9cran-de-2018-07-26-21-07-38-300x289.png 300w, http:\/\/aplccorp.com\/voyages\/wp-content\/uploads\/2018\/07\/Capture-d\u2019\u00e9cran-de-2018-07-26-21-07-38-768x741.png 768w, http:\/\/aplccorp.com\/voyages\/wp-content\/uploads\/2018\/07\/Capture-d\u2019\u00e9cran-de-2018-07-26-21-07-38-1024x987.png 1024w, http:\/\/aplccorp.com\/voyages\/wp-content\/uploads\/2018\/07\/Capture-d\u2019\u00e9cran-de-2018-07-26-21-07-38-690x665.png 690w, http:\/\/aplccorp.com\/voyages\/wp-content\/uploads\/2018\/07\/Capture-d\u2019\u00e9cran-de-2018-07-26-21-07-38-980x945.png 980w\" sizes=\"auto, (max-width: 1122px) 100vw, 1122px\" \/><\/p>\n<p>&nbsp;<\/p>\n<p>En gros :<\/p>\n<ul>\n<li>On traverse rapidement la Suisse, l&rsquo;Allemagne et le Danemark<\/li>\n<li>On commence par le sud et l&rsquo;est de la Su\u00e8de<\/li>\n<li>Puis on monte plus au nord (mais on n&rsquo;a pas encore d\u00e9cid\u00e9 jusqu&rsquo;o\u00f9&#8230; on improvisera)<\/li>\n<li>Et ensuite on redescend par la Norv\u00e8ge (l\u00e0 aussi, le parcours n&rsquo;est pas encore \u00e9tabli)<\/li>\n<li>On repasse par la Su\u00e8de (c\u00f4te ouest)<\/li>\n<li>Puis on s&rsquo;occupe du Danemark (ce sera notre pays \u00ab\u00a0marge de man\u0153uvre\u00a0\u00bb. On verra ce qu&rsquo;il nous restera comme temps).<\/li>\n<li>et on rentre \u00e0 la maison (snif)<\/li>\n<\/ul>\n<p>Bon, comme tout projet, celui-ci peut encore (grandement) \u00e9voluer \ud83d\ude00<\/p>\n<p>Demain : dernier jour de boulot \ud83d\ude42<\/p>\n","protected":false},"excerpt":{"rendered":"<p>Ces derniers jours ont \u00e9t\u00e9 consacr\u00e9s \u00e0 la finalisation : Dernier nettoyage int\u00e9rieur du camion Chargement et rangement On a achet\u00e9 les derni\u00e8res \u00e9ditions du Lonely Planet Danemark et Su\u00e8de (la Norv\u00e8ge est encore d&rsquo;actualit\u00e9 &#8211; 2015) et je passe mes soir\u00e9es \u00e0 \u00e9tudier les points \u00e0 voir. Pour le moment, le parcours pr\u00e9visionnel serait [&hellip;]<\/p>\n","protected":false},"author":1,"featured_media":7736,"comment_status":"open","ping_status":"open","sticky":false,"template":"","format":"gallery","meta":{"_jetpack_memberships_contains_paid_content":false,"footnotes":""},"categories":[22],"tags":[],"class_list":["post-7734","post","type-post","status-publish","format-gallery","has-post-thumbnail","hentry","category-scandinavie-2018","post_format-post-format-gallery"],"jetpack_featured_media_url":"http:\/\/aplccorp.com\/voyages\/wp-content\/uploads\/2018\/07\/Capture-d\u2019\u00e9cran-de-2018-07-26-21-07-38.png","jetpack_sharing_enabled":true,"_links":{"self":[{"href":"http:\/\/aplccorp.com\/voyages\/index.php?rest_route=\/wp\/v2\/posts\/7734","targetHints":{"allow":["GET"]}}],"collection":[{"href":"http:\/\/aplccorp.com\/voyages\/index.php?rest_route=\/wp\/v2\/posts"}],"about":[{"href":"http:\/\/aplccorp.com\/voyages\/index.php?rest_route=\/wp\/v2\/types\/post"}],"author":[{"embeddable":true,"href":"http:\/\/aplccorp.com\/voyages\/index.php?rest_route=\/wp\/v2\/users\/1"}],"replies":[{"embeddable":true,"href":"http:\/\/aplccorp.com\/voyages\/index.php?rest_route=%2Fwp%2Fv2%2Fcomments&post=7734"}],"version-history":[{"count":1,"href":"http:\/\/aplccorp.com\/voyages\/index.php?rest_route=\/wp\/v2\/posts\/7734\/revisions"}],"predecessor-version":[{"id":7737,"href":"http:\/\/aplccorp.com\/voyages\/index.php?rest_route=\/wp\/v2\/posts\/7734\/revisions\/7737"}],"wp:featuredmedia":[{"embeddable":true,"href":"http:\/\/aplccorp.com\/voyages\/index.php?rest_route=\/wp\/v2\/media\/7736"}],"wp:attachment":[{"href":"http:\/\/aplccorp.com\/voyages\/index.php?rest_route=%2Fwp%2Fv2%2Fmedia&parent=7734"}],"wp:term":[{"taxonomy":"category","embeddable":true,"href":"http:\/\/aplccorp.com\/voyages\/index.php?rest_route=%2Fwp%2Fv2%2Fcategories&post=7734"},{"taxonomy":"post_tag","embeddable":true,"href":"http:\/\/aplccorp.com\/voyages\/index.php?rest_route=%2Fwp%2Fv2%2Ftags&post=7734"}],"curies":[{"name":"wp","href":"https:\/\/api.w.org\/{rel}","templated":true}]}}