{"id":7516,"date":"2017-02-26T09:52:02","date_gmt":"2017-02-26T07:52:02","guid":{"rendered":"http:\/\/aplccorp.com\/voyages\/?p=7516"},"modified":"2017-02-26T09:52:02","modified_gmt":"2017-02-26T07:52:02","slug":"25-fevrier-2017-route-de-la-serra-de-tramuntana","status":"publish","type":"post","link":"http:\/\/aplccorp.com\/voyages\/?p=7516","title":{"rendered":"25 f\u00e9vrier 2017 &#8211; Route de la Serra de Tramuntana"},"content":{"rendered":"<p>Notre programme de la journ\u00e9e est ambitieux. Nous souhaitons faire une grande partie de la route qui longe la c\u00f4te ouest de Majorque, entre la Serra de Tramuntana (la chaine de montagne locale) et la mer.<\/p>\n<p>Notre h\u00f4tel est id\u00e9alement situ\u00e9 \u00e0 quelques kilom\u00e8tres <del>d&rsquo;Anthrax<\/del> d&rsquo;Andratx, qui est justement le point de d\u00e9part de cette belle balade recommand\u00e9e par le Lonely.<\/p>\n<p>Nous nous levons d\u00e8s que <del>le coq<\/del> Eden a pouss\u00e9 son cri (soit vers 7h45) et apr\u00e8s un p&rsquo;tit d\u00e9j dans notre appartement nous partons rejoindre Andratx. A la sortie d&rsquo;Andratx nous voulons prendre la fameuse Ma10 qui longe la c\u00f4te en direction du nord, mais nous nous heurtons \u00e0 un panneau \u00e9crit en majorquin et \u00e0 deux plots qui barrent la route. On se dit qu&rsquo;il y a peut \u00eatre des travaux sur quelques centaines de m\u00e8tres. On regarde la carte. Il n&rsquo;y a pas beaucoup d&rsquo;alternatives :<\/p>\n<ul>\n<li>Soit on tente de rejoindre la Ma10 en contournant le barrage par une petite route de montagne sur quelques kilom\u00e8tres<\/li>\n<li>Soit on fait carr\u00e9ment un \u00e9norme d\u00e9tour et on rate toute une partie de la route c\u00f4ti\u00e8re en traversant dans la pampa Majorquine (merci Lazer!)<\/li>\n<\/ul>\n<p>On tente l&rsquo;option 1, ce serait dommage de faire l&rsquo;impasse sur un bout du trajet. Nous voil\u00e0 donc partis sur une minuscule route de montagne sur quelques kilom\u00e8tres, puis on r\u00e9cup\u00e8re la Ma10. Sur la route, tr\u00e8s peu de voitures. On voit encore quelques panneaux avec la m\u00eame indication : \u00ab\u00a0Carretera tallada\u00a0\u00bb, mais cette fois pas de barri\u00e8re. On se dit qu&rsquo;il y a peut \u00eatre eu un petit \u00e9boulement, mais que la route est passante \u00e0 pr\u00e9sent. On trace donc notre chemin, jusqu&rsquo;\u00e0 arriver \u00e0 cet endroit.<\/p>\n<p><img loading=\"lazy\" decoding=\"async\" class=\"aligncenter size-full wp-image-7517\" src=\"http:\/\/aplccorp.com\/voyages\/wp-content\/uploads\/2017\/02\/IMG_3374.jpg\" alt=\"\" width=\"650\" height=\"433\" srcset=\"http:\/\/aplccorp.com\/voyages\/wp-content\/uploads\/2017\/02\/IMG_3374.jpg 650w, http:\/\/aplccorp.com\/voyages\/wp-content\/uploads\/2017\/02\/IMG_3374-300x200.jpg 300w\" sizes=\"auto, (max-width: 650px) 100vw, 650px\" \/><\/p>\n<p>L\u00e0 on se dit que manifestement on n&rsquo;aurait pas d\u00fb emprunter cette route. Elle est bloqu\u00e9e pour travaux sur le tunnel, impossible d&rsquo;avancer&#8230;<\/p>\n<p>Bien bien bien&#8230; C&rsquo;est plus ou moins la seule route dans le coin pour aller au nord&#8230;<\/p>\n<p>On fait demi-tour et on retourne \u00e0 Andratx. On prend donc l&rsquo;option 2 qui nous fait un gros d\u00e9tour \u00e0 travers la montagne.<\/p>\n<p>Bon, la route est sympa quand m\u00eame.<\/p>\n<p><iframe loading=\"lazy\" width=\"980\" height=\"551\" src=\"https:\/\/www.youtube.com\/embed\/Jc7Ag0NQ81E?feature=oembed\" frameborder=\"0\" allowfullscreen><\/iframe><\/p>\n<p><iframe loading=\"lazy\" width=\"980\" height=\"551\" src=\"https:\/\/www.youtube.com\/embed\/bm6lriFy8lM?feature=oembed\" frameborder=\"0\" allowfullscreen><\/iframe><\/p>\n<p><img loading=\"lazy\" decoding=\"async\" class=\"aligncenter size-full wp-image-7518\" src=\"http:\/\/aplccorp.com\/voyages\/wp-content\/uploads\/2017\/02\/IMG_3376.jpg\" alt=\"\" width=\"650\" height=\"433\" srcset=\"http:\/\/aplccorp.com\/voyages\/wp-content\/uploads\/2017\/02\/IMG_3376.jpg 650w, http:\/\/aplccorp.com\/voyages\/wp-content\/uploads\/2017\/02\/IMG_3376-300x200.jpg 300w\" sizes=\"auto, (max-width: 650px) 100vw, 650px\" \/><\/p>\n<p>Et on passe devant des ch\u00e2teaux et domaines forts sympathiques&#8230;<\/p>\n<p>Nous rejoignons la Ma10 apr\u00e8s un peu plus d&rsquo;une heure de route. Notre premi\u00e8re destination est Port Valldemossa. D&rsquo;ailleurs on a remarqu\u00e9 que presque toutes les villes c\u00f4ti\u00e8res \u00e9taient divis\u00e9es en deux : un port, entour\u00e9 de quelques maisons, mais souvent assez petit, et une ville en retrait, plus grande. Il en est ainsi d&rsquo;Alcudia, Valldemossa, Soller qu&rsquo;on visitera plus tard&#8230; D&rsquo;apr\u00e8s ce qu&rsquo;on a compris, la ville \u00e9tait toujours construite \u00e0 l&rsquo;\u00e9cart pour \u00e9viter les attaques de pirates \u00e0 l&rsquo;\u00e9poque&#8230; Bon aujourd&rsquo;hui, \u00e7a doit \u00eatre un peu moins fr\u00e9quent, mais ils ont gard\u00e9 ce d\u00e9coupage.<\/p>\n<p>Bref, nous descendons donc la route de Port Valldemossa, plut\u00f4t impressionnante. D&rsquo;en haut on peut voir le petit village.<\/p>\n<p><img loading=\"lazy\" decoding=\"async\" class=\"aligncenter size-full wp-image-7519\" src=\"http:\/\/aplccorp.com\/voyages\/wp-content\/uploads\/2017\/02\/IMG_3383.jpg\" alt=\"\" width=\"650\" height=\"433\" srcset=\"http:\/\/aplccorp.com\/voyages\/wp-content\/uploads\/2017\/02\/IMG_3383.jpg 650w, http:\/\/aplccorp.com\/voyages\/wp-content\/uploads\/2017\/02\/IMG_3383-300x200.jpg 300w\" sizes=\"auto, (max-width: 650px) 100vw, 650px\" \/><\/p>\n<p>Il est tout en bas l\u00e0<img loading=\"lazy\" decoding=\"async\" class=\"aligncenter size-full wp-image-7520\" src=\"http:\/\/aplccorp.com\/voyages\/wp-content\/uploads\/2017\/02\/IMG_3385.jpg\" alt=\"\" width=\"650\" height=\"433\" srcset=\"http:\/\/aplccorp.com\/voyages\/wp-content\/uploads\/2017\/02\/IMG_3385.jpg 650w, http:\/\/aplccorp.com\/voyages\/wp-content\/uploads\/2017\/02\/IMG_3385-300x200.jpg 300w\" sizes=\"auto, (max-width: 650px) 100vw, 650px\" \/><\/p>\n<p>En arrivant, on d\u00e9couvre un minuscule hameau de quelques maisons accroch\u00e9 \u00e0 la falaise<img loading=\"lazy\" decoding=\"async\" class=\"aligncenter size-full wp-image-7521\" src=\"http:\/\/aplccorp.com\/voyages\/wp-content\/uploads\/2017\/02\/IMG_3397.jpg\" alt=\"\" width=\"650\" height=\"433\" srcset=\"http:\/\/aplccorp.com\/voyages\/wp-content\/uploads\/2017\/02\/IMG_3397.jpg 650w, http:\/\/aplccorp.com\/voyages\/wp-content\/uploads\/2017\/02\/IMG_3397-300x200.jpg 300w\" sizes=\"auto, (max-width: 650px) 100vw, 650px\" \/><\/p>\n<p>Le vent souffle assez fort, et il forme de belles vagues. On a vu quelques surfeurs s&rsquo;\u00e9quiper&#8230;<img loading=\"lazy\" decoding=\"async\" class=\"aligncenter size-full wp-image-7522\" src=\"http:\/\/aplccorp.com\/voyages\/wp-content\/uploads\/2017\/02\/IMG_3402.jpg\" alt=\"\" width=\"650\" height=\"433\" srcset=\"http:\/\/aplccorp.com\/voyages\/wp-content\/uploads\/2017\/02\/IMG_3402.jpg 650w, http:\/\/aplccorp.com\/voyages\/wp-content\/uploads\/2017\/02\/IMG_3402-300x200.jpg 300w\" sizes=\"auto, (max-width: 650px) 100vw, 650px\" \/><\/p>\n<p><img loading=\"lazy\" decoding=\"async\" class=\"aligncenter size-full wp-image-7523\" src=\"http:\/\/aplccorp.com\/voyages\/wp-content\/uploads\/2017\/02\/IMG_3406.jpg\" alt=\"\" width=\"650\" height=\"433\" srcset=\"http:\/\/aplccorp.com\/voyages\/wp-content\/uploads\/2017\/02\/IMG_3406.jpg 650w, http:\/\/aplccorp.com\/voyages\/wp-content\/uploads\/2017\/02\/IMG_3406-300x200.jpg 300w\" sizes=\"auto, (max-width: 650px) 100vw, 650px\" \/><\/p>\n<p>On se balade dans les ruelles du village<img loading=\"lazy\" decoding=\"async\" class=\"aligncenter size-full wp-image-7524\" src=\"http:\/\/aplccorp.com\/voyages\/wp-content\/uploads\/2017\/02\/IMG_3409.jpg\" alt=\"\" width=\"650\" height=\"433\" srcset=\"http:\/\/aplccorp.com\/voyages\/wp-content\/uploads\/2017\/02\/IMG_3409.jpg 650w, http:\/\/aplccorp.com\/voyages\/wp-content\/uploads\/2017\/02\/IMG_3409-300x200.jpg 300w\" sizes=\"auto, (max-width: 650px) 100vw, 650px\" \/><\/p>\n<p><img loading=\"lazy\" decoding=\"async\" class=\"aligncenter size-full wp-image-7525\" src=\"http:\/\/aplccorp.com\/voyages\/wp-content\/uploads\/2017\/02\/IMG_3410.jpg\" alt=\"\" width=\"650\" height=\"433\" srcset=\"http:\/\/aplccorp.com\/voyages\/wp-content\/uploads\/2017\/02\/IMG_3410.jpg 650w, http:\/\/aplccorp.com\/voyages\/wp-content\/uploads\/2017\/02\/IMG_3410-300x200.jpg 300w\" sizes=\"auto, (max-width: 650px) 100vw, 650px\" \/><\/p>\n<p><img loading=\"lazy\" decoding=\"async\" class=\"aligncenter size-full wp-image-7526\" src=\"http:\/\/aplccorp.com\/voyages\/wp-content\/uploads\/2017\/02\/IMG_3411.jpg\" alt=\"\" width=\"433\" height=\"650\" srcset=\"http:\/\/aplccorp.com\/voyages\/wp-content\/uploads\/2017\/02\/IMG_3411.jpg 433w, http:\/\/aplccorp.com\/voyages\/wp-content\/uploads\/2017\/02\/IMG_3411-200x300.jpg 200w\" sizes=\"auto, (max-width: 433px) 100vw, 433px\" \/><\/p>\n<p>On quitte Port Valldemossa et on se dirige vers Valdemossa tout court. Il s&rsquo;agit d&rsquo;un village tr\u00e8s touristique. L&rsquo;\u00e9t\u00e9 apparemment des dizaines de bus d\u00e9versent les touristes ce qui fait que le village est blind\u00e9. Hors saison c&rsquo;est un peu plus calme, m\u00eame s&rsquo;il y avait d\u00e9j\u00e0 pas mal de monde. Le village est effectivement plut\u00f4t sympa avec des ruelles pav\u00e9es, de belles maisons et \u00e9glises, et quelques curiosit\u00e9s int\u00e9ressantes.<\/p>\n<p><img loading=\"lazy\" decoding=\"async\" class=\"aligncenter size-full wp-image-7527\" src=\"http:\/\/aplccorp.com\/voyages\/wp-content\/uploads\/2017\/02\/IMG_3413.jpg\" alt=\"\" width=\"650\" height=\"433\" srcset=\"http:\/\/aplccorp.com\/voyages\/wp-content\/uploads\/2017\/02\/IMG_3413.jpg 650w, http:\/\/aplccorp.com\/voyages\/wp-content\/uploads\/2017\/02\/IMG_3413-300x200.jpg 300w\" sizes=\"auto, (max-width: 650px) 100vw, 650px\" \/><\/p>\n<p><img loading=\"lazy\" decoding=\"async\" class=\"aligncenter size-full wp-image-7528\" src=\"http:\/\/aplccorp.com\/voyages\/wp-content\/uploads\/2017\/02\/IMG_3414.jpg\" alt=\"\" width=\"650\" height=\"433\" srcset=\"http:\/\/aplccorp.com\/voyages\/wp-content\/uploads\/2017\/02\/IMG_3414.jpg 650w, http:\/\/aplccorp.com\/voyages\/wp-content\/uploads\/2017\/02\/IMG_3414-300x200.jpg 300w\" sizes=\"auto, (max-width: 650px) 100vw, 650px\" \/><\/p>\n<p>Une sp\u00e9cialit\u00e9 locale ? le saucisson en forme de b*** ?<img loading=\"lazy\" decoding=\"async\" class=\"aligncenter size-full wp-image-7529\" src=\"http:\/\/aplccorp.com\/voyages\/wp-content\/uploads\/2017\/02\/IMG_3415.jpg\" alt=\"\" width=\"433\" height=\"650\" srcset=\"http:\/\/aplccorp.com\/voyages\/wp-content\/uploads\/2017\/02\/IMG_3415.jpg 433w, http:\/\/aplccorp.com\/voyages\/wp-content\/uploads\/2017\/02\/IMG_3415-200x300.jpg 200w\" sizes=\"auto, (max-width: 433px) 100vw, 433px\" \/><\/p>\n<p><img loading=\"lazy\" decoding=\"async\" class=\"aligncenter size-full wp-image-7530\" src=\"http:\/\/aplccorp.com\/voyages\/wp-content\/uploads\/2017\/02\/IMG_3421.jpg\" alt=\"\" width=\"650\" height=\"433\" srcset=\"http:\/\/aplccorp.com\/voyages\/wp-content\/uploads\/2017\/02\/IMG_3421.jpg 650w, http:\/\/aplccorp.com\/voyages\/wp-content\/uploads\/2017\/02\/IMG_3421-300x200.jpg 300w\" sizes=\"auto, (max-width: 650px) 100vw, 650px\" \/><\/p>\n<p>Jardin devant une \u00e9glise<img loading=\"lazy\" decoding=\"async\" class=\"aligncenter size-full wp-image-7531\" src=\"http:\/\/aplccorp.com\/voyages\/wp-content\/uploads\/2017\/02\/IMG_3424.jpg\" alt=\"\" width=\"433\" height=\"650\" srcset=\"http:\/\/aplccorp.com\/voyages\/wp-content\/uploads\/2017\/02\/IMG_3424.jpg 433w, http:\/\/aplccorp.com\/voyages\/wp-content\/uploads\/2017\/02\/IMG_3424-200x300.jpg 200w\" sizes=\"auto, (max-width: 433px) 100vw, 433px\" \/><\/p>\n<p>avec un clocher bleu<img loading=\"lazy\" decoding=\"async\" class=\"aligncenter size-full wp-image-7532\" src=\"http:\/\/aplccorp.com\/voyages\/wp-content\/uploads\/2017\/02\/IMG_3429.jpg\" alt=\"\" width=\"650\" height=\"433\" srcset=\"http:\/\/aplccorp.com\/voyages\/wp-content\/uploads\/2017\/02\/IMG_3429.jpg 650w, http:\/\/aplccorp.com\/voyages\/wp-content\/uploads\/2017\/02\/IMG_3429-300x200.jpg 300w\" sizes=\"auto, (max-width: 650px) 100vw, 650px\" \/><\/p>\n<p>une des places centrales. Cela nous a beaucoup rappel\u00e9 des petits villages proven\u00e7aux&#8230;<img loading=\"lazy\" decoding=\"async\" class=\"aligncenter size-full wp-image-7533\" src=\"http:\/\/aplccorp.com\/voyages\/wp-content\/uploads\/2017\/02\/IMG_3430.jpg\" alt=\"\" width=\"650\" height=\"433\" srcset=\"http:\/\/aplccorp.com\/voyages\/wp-content\/uploads\/2017\/02\/IMG_3430.jpg 650w, http:\/\/aplccorp.com\/voyages\/wp-content\/uploads\/2017\/02\/IMG_3430-300x200.jpg 300w\" sizes=\"auto, (max-width: 650px) 100vw, 650px\" \/><\/p>\n<p>m\u00eame les caf\u00e9s et terrasses&#8230;<img loading=\"lazy\" decoding=\"async\" class=\"aligncenter size-full wp-image-7534\" src=\"http:\/\/aplccorp.com\/voyages\/wp-content\/uploads\/2017\/02\/IMG_3433.jpg\" alt=\"\" width=\"433\" height=\"650\" srcset=\"http:\/\/aplccorp.com\/voyages\/wp-content\/uploads\/2017\/02\/IMG_3433.jpg 433w, http:\/\/aplccorp.com\/voyages\/wp-content\/uploads\/2017\/02\/IMG_3433-200x300.jpg 200w\" sizes=\"auto, (max-width: 433px) 100vw, 433px\" \/><\/p>\n<p>Bon, on n&rsquo;a toujours pas converg\u00e9 sur cet arbre&#8230;<img loading=\"lazy\" decoding=\"async\" class=\"aligncenter size-full wp-image-7535\" src=\"http:\/\/aplccorp.com\/voyages\/wp-content\/uploads\/2017\/02\/IMG_3434.jpg\" alt=\"\" width=\"650\" height=\"433\" srcset=\"http:\/\/aplccorp.com\/voyages\/wp-content\/uploads\/2017\/02\/IMG_3434.jpg 650w, http:\/\/aplccorp.com\/voyages\/wp-content\/uploads\/2017\/02\/IMG_3434-300x200.jpg 300w\" sizes=\"auto, (max-width: 650px) 100vw, 650px\" \/><\/p>\n<p>Vue du village de Valldemossa&#8230;<img loading=\"lazy\" decoding=\"async\" class=\"aligncenter size-full wp-image-7536\" src=\"http:\/\/aplccorp.com\/voyages\/wp-content\/uploads\/2017\/02\/IMG_3437.jpg\" alt=\"\" width=\"650\" height=\"433\" srcset=\"http:\/\/aplccorp.com\/voyages\/wp-content\/uploads\/2017\/02\/IMG_3437.jpg 650w, http:\/\/aplccorp.com\/voyages\/wp-content\/uploads\/2017\/02\/IMG_3437-300x200.jpg 300w\" sizes=\"auto, (max-width: 650px) 100vw, 650px\" \/><\/p>\n<p><img loading=\"lazy\" decoding=\"async\" class=\"aligncenter size-full wp-image-7537\" src=\"http:\/\/aplccorp.com\/voyages\/wp-content\/uploads\/2017\/02\/IMG_3438.jpg\" alt=\"\" width=\"650\" height=\"433\" srcset=\"http:\/\/aplccorp.com\/voyages\/wp-content\/uploads\/2017\/02\/IMG_3438.jpg 650w, http:\/\/aplccorp.com\/voyages\/wp-content\/uploads\/2017\/02\/IMG_3438-300x200.jpg 300w\" sizes=\"auto, (max-width: 650px) 100vw, 650px\" \/><\/p>\n<p><img loading=\"lazy\" decoding=\"async\" class=\"aligncenter size-full wp-image-7538\" src=\"http:\/\/aplccorp.com\/voyages\/wp-content\/uploads\/2017\/02\/IMG_3441.jpg\" alt=\"\" width=\"433\" height=\"650\" srcset=\"http:\/\/aplccorp.com\/voyages\/wp-content\/uploads\/2017\/02\/IMG_3441.jpg 433w, http:\/\/aplccorp.com\/voyages\/wp-content\/uploads\/2017\/02\/IMG_3441-200x300.jpg 200w\" sizes=\"auto, (max-width: 433px) 100vw, 433px\" \/><\/p>\n<p><img loading=\"lazy\" decoding=\"async\" class=\"aligncenter size-full wp-image-7539\" src=\"http:\/\/aplccorp.com\/voyages\/wp-content\/uploads\/2017\/02\/IMG_3442.jpg\" alt=\"\" width=\"650\" height=\"433\" srcset=\"http:\/\/aplccorp.com\/voyages\/wp-content\/uploads\/2017\/02\/IMG_3442.jpg 650w, http:\/\/aplccorp.com\/voyages\/wp-content\/uploads\/2017\/02\/IMG_3442-300x200.jpg 300w\" sizes=\"auto, (max-width: 650px) 100vw, 650px\" \/><\/p>\n<p><img loading=\"lazy\" decoding=\"async\" class=\"aligncenter size-full wp-image-7540\" src=\"http:\/\/aplccorp.com\/voyages\/wp-content\/uploads\/2017\/02\/IMG_3444.jpg\" alt=\"\" width=\"650\" height=\"433\" srcset=\"http:\/\/aplccorp.com\/voyages\/wp-content\/uploads\/2017\/02\/IMG_3444.jpg 650w, http:\/\/aplccorp.com\/voyages\/wp-content\/uploads\/2017\/02\/IMG_3444-300x200.jpg 300w\" sizes=\"auto, (max-width: 650px) 100vw, 650px\" \/><\/p>\n<p><img loading=\"lazy\" decoding=\"async\" class=\"aligncenter size-full wp-image-7541\" src=\"http:\/\/aplccorp.com\/voyages\/wp-content\/uploads\/2017\/02\/IMG_3446.jpg\" alt=\"\" width=\"433\" height=\"650\" srcset=\"http:\/\/aplccorp.com\/voyages\/wp-content\/uploads\/2017\/02\/IMG_3446.jpg 433w, http:\/\/aplccorp.com\/voyages\/wp-content\/uploads\/2017\/02\/IMG_3446-200x300.jpg 200w\" sizes=\"auto, (max-width: 433px) 100vw, 433px\" \/><\/p>\n<p><img loading=\"lazy\" decoding=\"async\" class=\"aligncenter size-full wp-image-7542\" src=\"http:\/\/aplccorp.com\/voyages\/wp-content\/uploads\/2017\/02\/IMG_3449.jpg\" alt=\"\" width=\"650\" height=\"433\" srcset=\"http:\/\/aplccorp.com\/voyages\/wp-content\/uploads\/2017\/02\/IMG_3449.jpg 650w, http:\/\/aplccorp.com\/voyages\/wp-content\/uploads\/2017\/02\/IMG_3449-300x200.jpg 300w\" sizes=\"auto, (max-width: 650px) 100vw, 650px\" \/><\/p>\n<p><img loading=\"lazy\" decoding=\"async\" class=\"aligncenter size-full wp-image-7543\" src=\"http:\/\/aplccorp.com\/voyages\/wp-content\/uploads\/2017\/02\/IMG_3455.jpg\" alt=\"\" width=\"650\" height=\"433\" srcset=\"http:\/\/aplccorp.com\/voyages\/wp-content\/uploads\/2017\/02\/IMG_3455.jpg 650w, http:\/\/aplccorp.com\/voyages\/wp-content\/uploads\/2017\/02\/IMG_3455-300x200.jpg 300w\" sizes=\"auto, (max-width: 650px) 100vw, 650px\" \/><\/p>\n<p><img loading=\"lazy\" decoding=\"async\" class=\"aligncenter size-full wp-image-7544\" src=\"http:\/\/aplccorp.com\/voyages\/wp-content\/uploads\/2017\/02\/IMG_3459.jpg\" alt=\"\" width=\"650\" height=\"433\" srcset=\"http:\/\/aplccorp.com\/voyages\/wp-content\/uploads\/2017\/02\/IMG_3459.jpg 650w, http:\/\/aplccorp.com\/voyages\/wp-content\/uploads\/2017\/02\/IMG_3459-300x200.jpg 300w\" sizes=\"auto, (max-width: 650px) 100vw, 650px\" \/>Vue d&rsquo;ensemble&#8230;<\/p>\n<p>On quitte Valldemossa et on poursuit notre route c\u00f4ti\u00e8re. On passe le magnifique village de Deia sans nous arr\u00eater<img loading=\"lazy\" decoding=\"async\" class=\"aligncenter size-full wp-image-7545\" src=\"http:\/\/aplccorp.com\/voyages\/wp-content\/uploads\/2017\/02\/IMG_3461.jpg\" alt=\"\" width=\"650\" height=\"433\" srcset=\"http:\/\/aplccorp.com\/voyages\/wp-content\/uploads\/2017\/02\/IMG_3461.jpg 650w, http:\/\/aplccorp.com\/voyages\/wp-content\/uploads\/2017\/02\/IMG_3461-300x200.jpg 300w\" sizes=\"auto, (max-width: 650px) 100vw, 650px\" \/>Le village de Deia<\/p>\n<p>On trace directement jusqu&rsquo;au petit village de Fornalutx qui serait, d&rsquo;apr\u00e8s le Lonely, l&rsquo;un des plus beaux villages de Majorque.<\/p>\n<p>On s&rsquo;arr\u00eate d&rsquo;abord pour d\u00e9jeuner dans un resto recommand\u00e9 par le Lonely. Le cadre est magnifique, avec une terrasse au soleil et vue splendide sur les montagnes. La bouffe est moins r\u00e9jouissante. On a voulu tenter une des sp\u00e9cialit\u00e9s du coin (C\u00f4telettes d&rsquo;agneau au thym), eh ben c&rsquo;\u00e9tait un peu \u00ab\u00a0r\u00e9chauff\u00e9\u00a0\u00bb&#8230;<\/p>\n<p><img loading=\"lazy\" decoding=\"async\" class=\"aligncenter size-full wp-image-7546\" src=\"http:\/\/aplccorp.com\/voyages\/wp-content\/uploads\/2017\/02\/IMG_3464.jpg\" alt=\"\" width=\"650\" height=\"433\" srcset=\"http:\/\/aplccorp.com\/voyages\/wp-content\/uploads\/2017\/02\/IMG_3464.jpg 650w, http:\/\/aplccorp.com\/voyages\/wp-content\/uploads\/2017\/02\/IMG_3464-300x200.jpg 300w\" sizes=\"auto, (max-width: 650px) 100vw, 650px\" \/><\/p>\n<p>la \u00ab\u00a0place du village\u00a0\u00bb<img loading=\"lazy\" decoding=\"async\" class=\"aligncenter size-full wp-image-7547\" src=\"http:\/\/aplccorp.com\/voyages\/wp-content\/uploads\/2017\/02\/IMG_3466.jpg\" alt=\"\" width=\"650\" height=\"433\" srcset=\"http:\/\/aplccorp.com\/voyages\/wp-content\/uploads\/2017\/02\/IMG_3466.jpg 650w, http:\/\/aplccorp.com\/voyages\/wp-content\/uploads\/2017\/02\/IMG_3466-300x200.jpg 300w\" sizes=\"auto, (max-width: 650px) 100vw, 650px\" \/><\/p>\n<p>Et notre terrasse&#8230;<img loading=\"lazy\" decoding=\"async\" class=\"aligncenter size-full wp-image-7548\" src=\"http:\/\/aplccorp.com\/voyages\/wp-content\/uploads\/2017\/02\/IMG_3467.jpg\" alt=\"\" width=\"433\" height=\"650\" srcset=\"http:\/\/aplccorp.com\/voyages\/wp-content\/uploads\/2017\/02\/IMG_3467.jpg 433w, http:\/\/aplccorp.com\/voyages\/wp-content\/uploads\/2017\/02\/IMG_3467-200x300.jpg 200w\" sizes=\"auto, (max-width: 433px) 100vw, 433px\" \/><\/p>\n<p>Le village est accroch\u00e9 \u00e0 la colline, avec des ruelles pav\u00e9es et en escalier&#8230;<img loading=\"lazy\" decoding=\"async\" class=\"aligncenter size-full wp-image-7549\" src=\"http:\/\/aplccorp.com\/voyages\/wp-content\/uploads\/2017\/02\/IMG_3472.jpg\" alt=\"\" width=\"433\" height=\"650\" srcset=\"http:\/\/aplccorp.com\/voyages\/wp-content\/uploads\/2017\/02\/IMG_3472.jpg 433w, http:\/\/aplccorp.com\/voyages\/wp-content\/uploads\/2017\/02\/IMG_3472-200x300.jpg 200w\" sizes=\"auto, (max-width: 433px) 100vw, 433px\" \/><\/p>\n<p>la rel\u00e8ve semble assur\u00e9e !<img loading=\"lazy\" decoding=\"async\" class=\"aligncenter size-full wp-image-7550\" src=\"http:\/\/aplccorp.com\/voyages\/wp-content\/uploads\/2017\/02\/IMG_3477.jpg\" alt=\"\" width=\"650\" height=\"433\" srcset=\"http:\/\/aplccorp.com\/voyages\/wp-content\/uploads\/2017\/02\/IMG_3477.jpg 650w, http:\/\/aplccorp.com\/voyages\/wp-content\/uploads\/2017\/02\/IMG_3477-300x200.jpg 300w\" sizes=\"auto, (max-width: 650px) 100vw, 650px\" \/><\/p>\n<p>Face nord du village. On va prendre la route des montagnes l\u00e0 bas au fond.<img loading=\"lazy\" decoding=\"async\" class=\"aligncenter size-full wp-image-7551\" src=\"http:\/\/aplccorp.com\/voyages\/wp-content\/uploads\/2017\/02\/IMG_3479.jpg\" alt=\"\" width=\"433\" height=\"650\" srcset=\"http:\/\/aplccorp.com\/voyages\/wp-content\/uploads\/2017\/02\/IMG_3479.jpg 433w, http:\/\/aplccorp.com\/voyages\/wp-content\/uploads\/2017\/02\/IMG_3479-200x300.jpg 200w\" sizes=\"auto, (max-width: 433px) 100vw, 433px\" \/><\/p>\n<p>Partout, des orangers et citronniers !<img loading=\"lazy\" decoding=\"async\" class=\"aligncenter size-full wp-image-7552\" src=\"http:\/\/aplccorp.com\/voyages\/wp-content\/uploads\/2017\/02\/IMG_3480.jpg\" alt=\"\" width=\"650\" height=\"433\" srcset=\"http:\/\/aplccorp.com\/voyages\/wp-content\/uploads\/2017\/02\/IMG_3480.jpg 650w, http:\/\/aplccorp.com\/voyages\/wp-content\/uploads\/2017\/02\/IMG_3480-300x200.jpg 300w\" sizes=\"auto, (max-width: 650px) 100vw, 650px\" \/><\/p>\n<p>Et la maison des cyclistes. D&rsquo;ailleurs, on n&rsquo;en a pas du tout parl\u00e9, mais c&rsquo;est fou le nombre de personnes qui font du v\u00e9lo sur l&rsquo;\u00eele. C&rsquo;est simple, on en voit partout, tout le temps. Ils sont super bien \u00e9quip\u00e9s, et font probablement des circuits de plusieurs dizaines de kilom\u00e8tres (avec des cols \u00e0 franchir et tout). J&rsquo;ai l&rsquo;impression par ailleurs que les infrastructures sont \u00e9tudi\u00e9es pour correspondre aux attentes des cyclistes. Restaurants en bord de route, h\u00f4tels adapt\u00e9s, etc.<\/p>\n<p>On quitte Fornalutx et on retour quelques km plus t\u00f4t sur la Ma10, vers la ville de Soller. On trouve une place pour nous arr\u00eater pr\u00e8s du centre et on d\u00e9ambule dans la ville. Eden en profite pour faire sa sieste. Soller est reli\u00e9e \u00e0 Palma par un vieux train \u00e9lectrique avec des wagons en bois d&rsquo;\u00e9poque. Il y a aussi un tram qui y circule parfois (apparemment les d\u00e9parts sont synchronis\u00e9s avec l&rsquo;arriv\u00e9e du train)<\/p>\n<p><img loading=\"lazy\" decoding=\"async\" class=\"aligncenter size-full wp-image-7553\" src=\"http:\/\/aplccorp.com\/voyages\/wp-content\/uploads\/2017\/02\/IMG_3483.jpg\" alt=\"\" width=\"433\" height=\"650\" srcset=\"http:\/\/aplccorp.com\/voyages\/wp-content\/uploads\/2017\/02\/IMG_3483.jpg 433w, http:\/\/aplccorp.com\/voyages\/wp-content\/uploads\/2017\/02\/IMG_3483-200x300.jpg 200w\" sizes=\"auto, (max-width: 433px) 100vw, 433px\" \/><\/p>\n<p>La place centrale<img loading=\"lazy\" decoding=\"async\" class=\"aligncenter size-full wp-image-7554\" src=\"http:\/\/aplccorp.com\/voyages\/wp-content\/uploads\/2017\/02\/IMG_3484.jpg\" alt=\"\" width=\"433\" height=\"650\" srcset=\"http:\/\/aplccorp.com\/voyages\/wp-content\/uploads\/2017\/02\/IMG_3484.jpg 433w, http:\/\/aplccorp.com\/voyages\/wp-content\/uploads\/2017\/02\/IMG_3484-200x300.jpg 200w\" sizes=\"auto, (max-width: 433px) 100vw, 433px\" \/><\/p>\n<p>Est travers\u00e9e de part en part par les voies du tram. c&rsquo;est assez \u00e9tonnant !<img loading=\"lazy\" decoding=\"async\" class=\"aligncenter size-full wp-image-7555\" src=\"http:\/\/aplccorp.com\/voyages\/wp-content\/uploads\/2017\/02\/IMG_3485.jpg\" alt=\"\" width=\"433\" height=\"650\" srcset=\"http:\/\/aplccorp.com\/voyages\/wp-content\/uploads\/2017\/02\/IMG_3485.jpg 433w, http:\/\/aplccorp.com\/voyages\/wp-content\/uploads\/2017\/02\/IMG_3485-200x300.jpg 200w\" sizes=\"auto, (max-width: 433px) 100vw, 433px\" \/><\/p>\n<p>les gens semble habitu\u00e9s<img loading=\"lazy\" decoding=\"async\" class=\"aligncenter size-full wp-image-7556\" src=\"http:\/\/aplccorp.com\/voyages\/wp-content\/uploads\/2017\/02\/IMG_3487.jpg\" alt=\"\" width=\"433\" height=\"650\" srcset=\"http:\/\/aplccorp.com\/voyages\/wp-content\/uploads\/2017\/02\/IMG_3487.jpg 433w, http:\/\/aplccorp.com\/voyages\/wp-content\/uploads\/2017\/02\/IMG_3487-200x300.jpg 200w\" sizes=\"auto, (max-width: 433px) 100vw, 433px\" \/><\/p>\n<p>la banque centrale<img loading=\"lazy\" decoding=\"async\" class=\"aligncenter size-full wp-image-7557\" src=\"http:\/\/aplccorp.com\/voyages\/wp-content\/uploads\/2017\/02\/IMG_3488.jpg\" alt=\"\" width=\"433\" height=\"650\" srcset=\"http:\/\/aplccorp.com\/voyages\/wp-content\/uploads\/2017\/02\/IMG_3488.jpg 433w, http:\/\/aplccorp.com\/voyages\/wp-content\/uploads\/2017\/02\/IMG_3488-200x300.jpg 200w\" sizes=\"auto, (max-width: 433px) 100vw, 433px\" \/><\/p>\n<p><img loading=\"lazy\" decoding=\"async\" class=\"aligncenter size-full wp-image-7558\" src=\"http:\/\/aplccorp.com\/voyages\/wp-content\/uploads\/2017\/02\/IMG_3489.jpg\" alt=\"\" width=\"650\" height=\"433\" srcset=\"http:\/\/aplccorp.com\/voyages\/wp-content\/uploads\/2017\/02\/IMG_3489.jpg 650w, http:\/\/aplccorp.com\/voyages\/wp-content\/uploads\/2017\/02\/IMG_3489-300x200.jpg 300w\" sizes=\"auto, (max-width: 650px) 100vw, 650px\" \/><\/p>\n<p>caf\u00e9s et terrasses<img loading=\"lazy\" decoding=\"async\" class=\"aligncenter size-full wp-image-7559\" src=\"http:\/\/aplccorp.com\/voyages\/wp-content\/uploads\/2017\/02\/IMG_3490.jpg\" alt=\"\" width=\"650\" height=\"433\" srcset=\"http:\/\/aplccorp.com\/voyages\/wp-content\/uploads\/2017\/02\/IMG_3490.jpg 650w, http:\/\/aplccorp.com\/voyages\/wp-content\/uploads\/2017\/02\/IMG_3490-300x200.jpg 300w\" sizes=\"auto, (max-width: 650px) 100vw, 650px\" \/><\/p>\n<p><img loading=\"lazy\" decoding=\"async\" class=\"aligncenter size-full wp-image-7560\" src=\"http:\/\/aplccorp.com\/voyages\/wp-content\/uploads\/2017\/02\/IMG_3493.jpg\" alt=\"\" width=\"650\" height=\"433\" srcset=\"http:\/\/aplccorp.com\/voyages\/wp-content\/uploads\/2017\/02\/IMG_3493.jpg 650w, http:\/\/aplccorp.com\/voyages\/wp-content\/uploads\/2017\/02\/IMG_3493-300x200.jpg 300w\" sizes=\"auto, (max-width: 650px) 100vw, 650px\" \/><\/p>\n<p>En arrivant \u00e0 la gare, on voit un train sur le d\u00e9part.<img loading=\"lazy\" decoding=\"async\" class=\"aligncenter size-full wp-image-7561\" src=\"http:\/\/aplccorp.com\/voyages\/wp-content\/uploads\/2017\/02\/IMG_3496.jpg\" alt=\"\" width=\"650\" height=\"433\" srcset=\"http:\/\/aplccorp.com\/voyages\/wp-content\/uploads\/2017\/02\/IMG_3496.jpg 650w, http:\/\/aplccorp.com\/voyages\/wp-content\/uploads\/2017\/02\/IMG_3496-300x200.jpg 300w\" sizes=\"auto, (max-width: 650px) 100vw, 650px\" \/><\/p>\n<p>Dans les ateliers, de dr\u00f4les d&rsquo;engins. Ici une vieille camionnette Renault transform\u00e9e en mini-locomotive&#8230;<img loading=\"lazy\" decoding=\"async\" class=\"aligncenter size-full wp-image-7562\" src=\"http:\/\/aplccorp.com\/voyages\/wp-content\/uploads\/2017\/02\/IMG_3499.jpg\" alt=\"\" width=\"650\" height=\"433\" srcset=\"http:\/\/aplccorp.com\/voyages\/wp-content\/uploads\/2017\/02\/IMG_3499.jpg 650w, http:\/\/aplccorp.com\/voyages\/wp-content\/uploads\/2017\/02\/IMG_3499-300x200.jpg 300w\" sizes=\"auto, (max-width: 650px) 100vw, 650px\" \/><\/p>\n<p>et l\u00e0 du mat\u00e9riel de rechange<img loading=\"lazy\" decoding=\"async\" class=\"aligncenter size-full wp-image-7563\" src=\"http:\/\/aplccorp.com\/voyages\/wp-content\/uploads\/2017\/02\/IMG_3503.jpg\" alt=\"\" width=\"650\" height=\"433\" srcset=\"http:\/\/aplccorp.com\/voyages\/wp-content\/uploads\/2017\/02\/IMG_3503.jpg 650w, http:\/\/aplccorp.com\/voyages\/wp-content\/uploads\/2017\/02\/IMG_3503-300x200.jpg 300w\" sizes=\"auto, (max-width: 650px) 100vw, 650px\" \/><\/p>\n<p>Les trams attendent \u00e9galement leurs passagers<img loading=\"lazy\" decoding=\"async\" class=\"aligncenter size-full wp-image-7564\" src=\"http:\/\/aplccorp.com\/voyages\/wp-content\/uploads\/2017\/02\/IMG_3504.jpg\" alt=\"\" width=\"650\" height=\"433\" srcset=\"http:\/\/aplccorp.com\/voyages\/wp-content\/uploads\/2017\/02\/IMG_3504.jpg 650w, http:\/\/aplccorp.com\/voyages\/wp-content\/uploads\/2017\/02\/IMG_3504-300x200.jpg 300w\" sizes=\"auto, (max-width: 650px) 100vw, 650px\" \/><\/p>\n<p>En attendant le d\u00e9part<img loading=\"lazy\" decoding=\"async\" class=\"aligncenter size-full wp-image-7565\" src=\"http:\/\/aplccorp.com\/voyages\/wp-content\/uploads\/2017\/02\/IMG_3507.jpg\" alt=\"\" width=\"650\" height=\"433\" srcset=\"http:\/\/aplccorp.com\/voyages\/wp-content\/uploads\/2017\/02\/IMG_3507.jpg 650w, http:\/\/aplccorp.com\/voyages\/wp-content\/uploads\/2017\/02\/IMG_3507-300x200.jpg 300w\" sizes=\"auto, (max-width: 650px) 100vw, 650px\" \/><\/p>\n<p>Puis, un tram arrive, et quelques minutes plus tard, le train d\u00e9marre en direction de Palma<\/p>\n<p><iframe loading=\"lazy\" width=\"980\" height=\"551\" src=\"https:\/\/www.youtube.com\/embed\/l7KpRJ01DzA?feature=oembed\" frameborder=\"0\" allowfullscreen><\/iframe><\/p>\n<p><iframe loading=\"lazy\" width=\"980\" height=\"551\" src=\"https:\/\/www.youtube.com\/embed\/qRCQF2CxL5w?feature=oembed\" frameborder=\"0\" allowfullscreen><\/iframe><\/p>\n<p><img loading=\"lazy\" decoding=\"async\" class=\"aligncenter size-full wp-image-7566\" src=\"http:\/\/aplccorp.com\/voyages\/wp-content\/uploads\/2017\/02\/IMG_3515.jpg\" alt=\"\" width=\"650\" height=\"433\" srcset=\"http:\/\/aplccorp.com\/voyages\/wp-content\/uploads\/2017\/02\/IMG_3515.jpg 650w, http:\/\/aplccorp.com\/voyages\/wp-content\/uploads\/2017\/02\/IMG_3515-300x200.jpg 300w\" sizes=\"auto, (max-width: 650px) 100vw, 650px\" \/><\/p>\n<p>Le tram repart alors dans l&rsquo;autre sens, et traversant la place centrale<img loading=\"lazy\" decoding=\"async\" class=\"aligncenter size-full wp-image-7567\" src=\"http:\/\/aplccorp.com\/voyages\/wp-content\/uploads\/2017\/02\/IMG_3516.jpg\" alt=\"\" width=\"650\" height=\"433\" srcset=\"http:\/\/aplccorp.com\/voyages\/wp-content\/uploads\/2017\/02\/IMG_3516.jpg 650w, http:\/\/aplccorp.com\/voyages\/wp-content\/uploads\/2017\/02\/IMG_3516-300x200.jpg 300w\" sizes=\"auto, (max-width: 650px) 100vw, 650px\" \/><\/p>\n<p>Puis s&rsquo;\u00e9chappe de l&rsquo;autre c\u00f4t\u00e9 de la ville&#8230;<\/p>\n<p>La visite de Soller vaut carr\u00e9ment le coup.<\/p>\n<p>On continue notre route en grimpant dans les montagnes. On s&rsquo;arr\u00eate rapidement au belv\u00e9d\u00e8re de Ses Baraques, et on aper\u00e7oit le village de Port Soller en contrebas<\/p>\n<p><img loading=\"lazy\" decoding=\"async\" class=\"aligncenter size-full wp-image-7568\" src=\"http:\/\/aplccorp.com\/voyages\/wp-content\/uploads\/2017\/02\/IMG_3519.jpg\" alt=\"\" width=\"650\" height=\"433\" srcset=\"http:\/\/aplccorp.com\/voyages\/wp-content\/uploads\/2017\/02\/IMG_3519.jpg 650w, http:\/\/aplccorp.com\/voyages\/wp-content\/uploads\/2017\/02\/IMG_3519-300x200.jpg 300w\" sizes=\"auto, (max-width: 650px) 100vw, 650px\" \/><\/p>\n<p>Puis on continue vers le nord en grimpant toujours plus haut. On aper\u00e7oit deux lacs d&rsquo;altitude ferm\u00e9s par des barrages, ainsi que le sommet le plus haut de Majorque (1400m environ), mais impossible d&rsquo;y grimper (zone militaire).<\/p>\n<p><img loading=\"lazy\" decoding=\"async\" class=\"aligncenter size-full wp-image-7569\" src=\"http:\/\/aplccorp.com\/voyages\/wp-content\/uploads\/2017\/02\/IMG_3520.jpg\" alt=\"\" width=\"650\" height=\"433\" srcset=\"http:\/\/aplccorp.com\/voyages\/wp-content\/uploads\/2017\/02\/IMG_3520.jpg 650w, http:\/\/aplccorp.com\/voyages\/wp-content\/uploads\/2017\/02\/IMG_3520-300x200.jpg 300w\" sizes=\"auto, (max-width: 650px) 100vw, 650px\" \/><\/p>\n<p><img loading=\"lazy\" decoding=\"async\" class=\"aligncenter size-full wp-image-7570\" src=\"http:\/\/aplccorp.com\/voyages\/wp-content\/uploads\/2017\/02\/IMG_3522.jpg\" alt=\"\" width=\"650\" height=\"433\" srcset=\"http:\/\/aplccorp.com\/voyages\/wp-content\/uploads\/2017\/02\/IMG_3522.jpg 650w, http:\/\/aplccorp.com\/voyages\/wp-content\/uploads\/2017\/02\/IMG_3522-300x200.jpg 300w\" sizes=\"auto, (max-width: 650px) 100vw, 650px\" \/><\/p>\n<p>&nbsp;<\/p>\n<p>L&rsquo;\u00e9tape ultime de notre p\u00e9riple d&rsquo;aujourd&rsquo;hui s&rsquo;appelle Sa Calobra, ou plut\u00f4t la route qui y descend. Extrait de la description du Lonely : \u00ab\u00a0Toute la route que vous avez fait jusqu&rsquo;\u00e0 pr\u00e9sent n&rsquo;\u00e9tait que le pr\u00e9lude envo\u00fbtant \u00e0 la route de 12 km tout en lacets qui descend jusqu&rsquo;\u00e0 Sa Calobra. Que vous vous p\u00e2miez devant les ravins vertigineux, frissonniez \u00e0 la vue d&rsquo;un autocar s&rsquo;engouffrant dans une crevasse rocheuse \u00e9troite au possible, ou grimpiez jusqu&rsquo;au sommet \u00e0 v\u00e9lo, cette route extraordinairement tortueuse, qui part au nord de la Ma10 est absolument spectaculaire. Creus\u00e9e dans la roche et contournant d&rsquo;\u00e9troites cr\u00eates pour rejoindre la c\u00f4te, elle est l\u2019\u0153uvre de l&rsquo;ing\u00e9nieur italien Antonio Paretti. Ces lacets et virages en \u00e9pingle \u00e0 cheveux auraient \u00e9t\u00e9 inspir\u00e9s, dit-on, par la fa\u00e7on dont on noue une cravate\u00a0\u00bb.<\/p>\n<p>La route est effectivement tr\u00e8s impressionnante !<\/p>\n<p><iframe loading=\"lazy\" width=\"980\" height=\"551\" src=\"https:\/\/www.youtube.com\/embed\/TcaXMVHlfA8?feature=oembed\" frameborder=\"0\" allowfullscreen><\/iframe><\/p>\n<p>On arrive \u00e0 Sa Calobra juste au moment o\u00f9 le soleil se couche. Je pars quelques minutes \u00e0 l&#8217;embouchure du torrent el Parreis dont les photos illustrent souvent Majorque.<\/p>\n<p>Pour y acc\u00e9der, on longe d&rsquo;abord la \u00ab\u00a0calanque\u00a0\u00bb de Sa Calobra, puis on traverse la montagne dans de minuscules tunnels creus\u00e9s \u00e0 m\u00eame la roche et qui permettent de faire passer une personne dans chaque sens.<\/p>\n<p><img loading=\"lazy\" decoding=\"async\" class=\"aligncenter size-full wp-image-7572\" src=\"http:\/\/aplccorp.com\/voyages\/wp-content\/uploads\/2017\/02\/IMG_3525.jpg\" alt=\"\" width=\"650\" height=\"433\" srcset=\"http:\/\/aplccorp.com\/voyages\/wp-content\/uploads\/2017\/02\/IMG_3525.jpg 650w, http:\/\/aplccorp.com\/voyages\/wp-content\/uploads\/2017\/02\/IMG_3525-300x200.jpg 300w\" sizes=\"auto, (max-width: 650px) 100vw, 650px\" \/><\/p>\n<p>Sa Calobra<img loading=\"lazy\" decoding=\"async\" class=\"aligncenter size-full wp-image-7573\" src=\"http:\/\/aplccorp.com\/voyages\/wp-content\/uploads\/2017\/02\/IMG_3529.jpg\" alt=\"\" width=\"650\" height=\"433\" srcset=\"http:\/\/aplccorp.com\/voyages\/wp-content\/uploads\/2017\/02\/IMG_3529.jpg 650w, http:\/\/aplccorp.com\/voyages\/wp-content\/uploads\/2017\/02\/IMG_3529-300x200.jpg 300w\" sizes=\"auto, (max-width: 650px) 100vw, 650px\" \/><\/p>\n<p>D&rsquo;anciennes maisons de p\u00eacheurs ?<img loading=\"lazy\" decoding=\"async\" class=\"aligncenter size-full wp-image-7574\" src=\"http:\/\/aplccorp.com\/voyages\/wp-content\/uploads\/2017\/02\/IMG_3539.jpg\" alt=\"\" width=\"650\" height=\"433\" srcset=\"http:\/\/aplccorp.com\/voyages\/wp-content\/uploads\/2017\/02\/IMG_3539.jpg 650w, http:\/\/aplccorp.com\/voyages\/wp-content\/uploads\/2017\/02\/IMG_3539-300x200.jpg 300w\" sizes=\"auto, (max-width: 650px) 100vw, 650px\" \/><\/p>\n<p>Une fen\u00eatre dans le tunnel<img loading=\"lazy\" decoding=\"async\" class=\"aligncenter size-full wp-image-7575\" src=\"http:\/\/aplccorp.com\/voyages\/wp-content\/uploads\/2017\/02\/IMG_3543.jpg\" alt=\"\" width=\"650\" height=\"433\" srcset=\"http:\/\/aplccorp.com\/voyages\/wp-content\/uploads\/2017\/02\/IMG_3543.jpg 650w, http:\/\/aplccorp.com\/voyages\/wp-content\/uploads\/2017\/02\/IMG_3543-300x200.jpg 300w\" sizes=\"auto, (max-width: 650px) 100vw, 650px\" \/><\/p>\n<p>Et puis cette \u00ab\u00a0plage\u00a0\u00bb de galets. En fait, c&rsquo;est probablement trop dangereux de se baigner ici, les vagues sont tr\u00e8s fortes, et il y a un risque de s&rsquo;\u00e9craser contre les falaises.<img loading=\"lazy\" decoding=\"async\" class=\"aligncenter size-full wp-image-7576\" src=\"http:\/\/aplccorp.com\/voyages\/wp-content\/uploads\/2017\/02\/IMG_3555.jpg\" alt=\"\" width=\"650\" height=\"433\" srcset=\"http:\/\/aplccorp.com\/voyages\/wp-content\/uploads\/2017\/02\/IMG_3555.jpg 650w, http:\/\/aplccorp.com\/voyages\/wp-content\/uploads\/2017\/02\/IMG_3555-300x200.jpg 300w\" sizes=\"auto, (max-width: 650px) 100vw, 650px\" \/><\/p>\n<p>Mais le spectacle et la lumi\u00e8re sont magiques ici.<img loading=\"lazy\" decoding=\"async\" class=\"aligncenter size-full wp-image-7577\" src=\"http:\/\/aplccorp.com\/voyages\/wp-content\/uploads\/2017\/02\/IMG_3563.jpg\" alt=\"\" width=\"650\" height=\"433\" srcset=\"http:\/\/aplccorp.com\/voyages\/wp-content\/uploads\/2017\/02\/IMG_3563.jpg 650w, http:\/\/aplccorp.com\/voyages\/wp-content\/uploads\/2017\/02\/IMG_3563-300x200.jpg 300w\" sizes=\"auto, (max-width: 650px) 100vw, 650px\" \/><\/p>\n<p>De l&rsquo;autre c\u00f4t\u00e9, c&rsquo;est l&rsquo;arriv\u00e9e du \u00ab\u00a0torrent\u00a0\u00bb plut\u00f4t un p&rsquo;tit ruisseau pour le moment.<img loading=\"lazy\" decoding=\"async\" class=\"aligncenter size-full wp-image-7578\" src=\"http:\/\/aplccorp.com\/voyages\/wp-content\/uploads\/2017\/02\/IMG_3569.jpg\" alt=\"\" width=\"650\" height=\"433\" srcset=\"http:\/\/aplccorp.com\/voyages\/wp-content\/uploads\/2017\/02\/IMG_3569.jpg 650w, http:\/\/aplccorp.com\/voyages\/wp-content\/uploads\/2017\/02\/IMG_3569-300x200.jpg 300w\" sizes=\"auto, (max-width: 650px) 100vw, 650px\" \/><\/p>\n<p>Je ne m&rsquo;en lasse pas&#8230;<img loading=\"lazy\" decoding=\"async\" class=\"aligncenter size-full wp-image-7579\" src=\"http:\/\/aplccorp.com\/voyages\/wp-content\/uploads\/2017\/02\/IMG_3572.jpg\" alt=\"\" width=\"650\" height=\"433\" srcset=\"http:\/\/aplccorp.com\/voyages\/wp-content\/uploads\/2017\/02\/IMG_3572.jpg 650w, http:\/\/aplccorp.com\/voyages\/wp-content\/uploads\/2017\/02\/IMG_3572-300x200.jpg 300w\" sizes=\"auto, (max-width: 650px) 100vw, 650px\" \/><\/p>\n<p>Deux biquettes accroch\u00e9es sur les flancs de la falaise<img loading=\"lazy\" decoding=\"async\" class=\"aligncenter size-full wp-image-7580\" src=\"http:\/\/aplccorp.com\/voyages\/wp-content\/uploads\/2017\/02\/IMG_3578.jpg\" alt=\"\" width=\"433\" height=\"650\" srcset=\"http:\/\/aplccorp.com\/voyages\/wp-content\/uploads\/2017\/02\/IMG_3578.jpg 433w, http:\/\/aplccorp.com\/voyages\/wp-content\/uploads\/2017\/02\/IMG_3578-200x300.jpg 200w\" sizes=\"auto, (max-width: 433px) 100vw, 433px\" \/><\/p>\n<p>et un \u00ab\u00a0flottin\u00a0\u00bb qui s&rsquo;est perdu&#8230;<img loading=\"lazy\" decoding=\"async\" class=\"aligncenter size-full wp-image-7581\" src=\"http:\/\/aplccorp.com\/voyages\/wp-content\/uploads\/2017\/02\/IMG_3580.jpg\" alt=\"\" width=\"650\" height=\"433\" srcset=\"http:\/\/aplccorp.com\/voyages\/wp-content\/uploads\/2017\/02\/IMG_3580.jpg 650w, http:\/\/aplccorp.com\/voyages\/wp-content\/uploads\/2017\/02\/IMG_3580-300x200.jpg 300w\" sizes=\"auto, (max-width: 650px) 100vw, 650px\" \/><\/p>\n<p><img loading=\"lazy\" decoding=\"async\" class=\"aligncenter size-full wp-image-7582\" src=\"http:\/\/aplccorp.com\/voyages\/wp-content\/uploads\/2017\/02\/IMG_3583.jpg\" alt=\"\" width=\"650\" height=\"433\" srcset=\"http:\/\/aplccorp.com\/voyages\/wp-content\/uploads\/2017\/02\/IMG_3583.jpg 650w, http:\/\/aplccorp.com\/voyages\/wp-content\/uploads\/2017\/02\/IMG_3583-300x200.jpg 300w\" sizes=\"auto, (max-width: 650px) 100vw, 650px\" \/><\/p>\n<p><img loading=\"lazy\" decoding=\"async\" class=\"aligncenter size-full wp-image-7583\" src=\"http:\/\/aplccorp.com\/voyages\/wp-content\/uploads\/2017\/02\/IMG_3597.jpg\" alt=\"\" width=\"433\" height=\"650\" srcset=\"http:\/\/aplccorp.com\/voyages\/wp-content\/uploads\/2017\/02\/IMG_3597.jpg 433w, http:\/\/aplccorp.com\/voyages\/wp-content\/uploads\/2017\/02\/IMG_3597-200x300.jpg 200w\" sizes=\"auto, (max-width: 433px) 100vw, 433px\" \/><\/p>\n<p>reflets<img loading=\"lazy\" decoding=\"async\" class=\"aligncenter size-full wp-image-7584\" src=\"http:\/\/aplccorp.com\/voyages\/wp-content\/uploads\/2017\/02\/IMG_3601.jpg\" alt=\"\" width=\"650\" height=\"433\" srcset=\"http:\/\/aplccorp.com\/voyages\/wp-content\/uploads\/2017\/02\/IMG_3601.jpg 650w, http:\/\/aplccorp.com\/voyages\/wp-content\/uploads\/2017\/02\/IMG_3601-300x200.jpg 300w\" sizes=\"auto, (max-width: 650px) 100vw, 650px\" \/><\/p>\n<p><iframe loading=\"lazy\" width=\"980\" height=\"551\" src=\"https:\/\/www.youtube.com\/embed\/Z6r08dRbpiU?feature=oembed\" frameborder=\"0\" allowfullscreen><\/iframe><\/p>\n<p><img loading=\"lazy\" decoding=\"async\" class=\"aligncenter size-full wp-image-7585\" src=\"http:\/\/aplccorp.com\/voyages\/wp-content\/uploads\/2017\/02\/IMG_3609.jpg\" alt=\"\" width=\"650\" height=\"433\" srcset=\"http:\/\/aplccorp.com\/voyages\/wp-content\/uploads\/2017\/02\/IMG_3609.jpg 650w, http:\/\/aplccorp.com\/voyages\/wp-content\/uploads\/2017\/02\/IMG_3609-300x200.jpg 300w\" sizes=\"auto, (max-width: 650px) 100vw, 650px\" \/><\/p>\n<p>En repartant, un arbre au soleil couchant&#8230;<img loading=\"lazy\" decoding=\"async\" class=\"aligncenter size-full wp-image-7586\" src=\"http:\/\/aplccorp.com\/voyages\/wp-content\/uploads\/2017\/02\/IMG_3613.jpg\" alt=\"\" width=\"650\" height=\"433\" srcset=\"http:\/\/aplccorp.com\/voyages\/wp-content\/uploads\/2017\/02\/IMG_3613.jpg 650w, http:\/\/aplccorp.com\/voyages\/wp-content\/uploads\/2017\/02\/IMG_3613-300x200.jpg 300w\" sizes=\"auto, (max-width: 650px) 100vw, 650px\" \/><\/p>\n<p>On se croirait dans la savane africaine&#8230;<\/p>\n<p>On rebrousse chemin, et on parcourt les 12 km de mont\u00e9e jusqu&rsquo;\u00e0 la \u00ab\u00a0route principale\u00a0\u00bb. C&rsquo;est presque plus facile \u00e0 conduire de nuit, on voit tout de suite quand un autre v\u00e9hicule va nous croiser.<\/p>\n<p>Puis on revient \u00e0 Soller et on trace directement en direction de Palma par la voie rapide (45 minutes contre plus de 3h \u00e0 l&rsquo;aller \ud83d\ude42<\/p>\n<p>On s&rsquo;arr\u00eate quelques kilom\u00e8tres avant notre h\u00f4tel dans un supermarch\u00e9 pour faire quelques courses. Ce soir, c&rsquo;est sushi \ud83d\ude42<\/p>\n","protected":false},"excerpt":{"rendered":"<p>Notre programme de la journ\u00e9e est ambitieux. Nous souhaitons faire une grande partie de la route qui longe la c\u00f4te ouest de Majorque, entre la Serra de Tramuntana (la chaine de montagne locale) et la mer. Notre h\u00f4tel est id\u00e9alement situ\u00e9 \u00e0 quelques kilom\u00e8tres d&rsquo;Anthrax d&rsquo;Andratx, qui est justement le point de d\u00e9part de cette [&hellip;]<\/p>\n","protected":false},"author":1,"featured_media":7575,"comment_status":"open","ping_status":"open","sticky":false,"template":"","format":"gallery","meta":{"_jetpack_memberships_contains_paid_content":false,"footnotes":""},"categories":[21],"tags":[],"class_list":["post-7516","post","type-post","status-publish","format-gallery","has-post-thumbnail","hentry","category-majorque-2017","post_format-post-format-gallery"],"jetpack_featured_media_url":"http:\/\/aplccorp.com\/voyages\/wp-content\/uploads\/2017\/02\/IMG_3543.jpg","jetpack_sharing_enabled":true,"_links":{"self":[{"href":"http:\/\/aplccorp.com\/voyages\/index.php?rest_route=\/wp\/v2\/posts\/7516","targetHints":{"allow":["GET"]}}],"collection":[{"href":"http:\/\/aplccorp.com\/voyages\/index.php?rest_route=\/wp\/v2\/posts"}],"about":[{"href":"http:\/\/aplccorp.com\/voyages\/index.php?rest_route=\/wp\/v2\/types\/post"}],"author":[{"embeddable":true,"href":"http:\/\/aplccorp.com\/voyages\/index.php?rest_route=\/wp\/v2\/users\/1"}],"replies":[{"embeddable":true,"href":"http:\/\/aplccorp.com\/voyages\/index.php?rest_route=%2Fwp%2Fv2%2Fcomments&post=7516"}],"version-history":[{"count":3,"href":"http:\/\/aplccorp.com\/voyages\/index.php?rest_route=\/wp\/v2\/posts\/7516\/revisions"}],"predecessor-version":[{"id":7589,"href":"http:\/\/aplccorp.com\/voyages\/index.php?rest_route=\/wp\/v2\/posts\/7516\/revisions\/7589"}],"wp:featuredmedia":[{"embeddable":true,"href":"http:\/\/aplccorp.com\/voyages\/index.php?rest_route=\/wp\/v2\/media\/7575"}],"wp:attachment":[{"href":"http:\/\/aplccorp.com\/voyages\/index.php?rest_route=%2Fwp%2Fv2%2Fmedia&parent=7516"}],"wp:term":[{"taxonomy":"category","embeddable":true,"href":"http:\/\/aplccorp.com\/voyages\/index.php?rest_route=%2Fwp%2Fv2%2Fcategories&post=7516"},{"taxonomy":"post_tag","embeddable":true,"href":"http:\/\/aplccorp.com\/voyages\/index.php?rest_route=%2Fwp%2Fv2%2Ftags&post=7516"}],"curies":[{"name":"wp","href":"https:\/\/api.w.org\/{rel}","templated":true}]}}