{"id":6058,"date":"2016-08-02T22:10:13","date_gmt":"2016-08-02T20:10:13","guid":{"rendered":"http:\/\/aplccorp.com\/voyages\/?p=6058"},"modified":"2016-08-02T22:12:09","modified_gmt":"2016-08-02T20:12:09","slug":"un-camping-car-cest-fait-pour-rouler","status":"publish","type":"post","link":"http:\/\/aplccorp.com\/voyages\/?p=6058","title":{"rendered":"Un camping-car, c&rsquo;est fait pour rouler !"},"content":{"rendered":"<p>Au retour de Scandinavie, nous avons d\u00e9cid\u00e9 de garder le camion. Certes il est encombrant, consomme sa maman en diesel, et on n&rsquo;a toujours pas trouv\u00e9 d&#8217;emplacement pour le mettre \u00e0 l&rsquo;abri pendant l&rsquo;hiver. Mais c&rsquo;est quand m\u00eame le pied int\u00e9gral de pouvoir partir sur un coup de t\u00eate, sans planifier, sans r\u00e9server&#8230;<\/p>\n<p>Du coup, on a pass\u00e9 quelques weekends \u00e0 le bichonner, r\u00e9parer tout ce qui pouvait l&rsquo;\u00eatre et le pr\u00e9parer pour de nouvelles aventures. Nous avons aujourd&rsquo;hui (liste non exhaustive) :<\/p>\n<ul>\n<li>un nouveau frigo qui fonctionne !<\/li>\n<li>un nouveau chauffe eau qui fonctionne !<\/li>\n<li>un syst\u00e8me de gaz conforme aux derni\u00e8res normes en vigueur<\/li>\n<li>une installation \u00e9lectrique r\u00e9nov\u00e9e (r\u00e9gulateur, coupleur s\u00e9parateur)<\/li>\n<li>de nouvelles batteries (moteur et cellule)<\/li>\n<li>des pneus neufs<\/li>\n<li>un r\u00e9servoir d&rsquo;eau propre r\u00e9nov\u00e9 (le trop plein ne fonctionnait pas bien)<\/li>\n<li>&#8230;<\/li>\n<\/ul>\n<p>On a\u00a0profit\u00e9 de ce luxe (ah, une bonne douche bien chaude !) pour faire de petites sorties sympathiques dans les environs. De mani\u00e8re non exhaustive :<\/p>\n<ul>\n<li>Weekend prolong\u00e9 dans les volcans d&rsquo;Auvergne<\/li>\n<li>Weekend \u00e0 Bienne<\/li>\n<li>Weekend \u00e0 Gruy\u00e8res<\/li>\n<li>Weekend dans le Valais<\/li>\n<li>&#8230;<\/li>\n<\/ul>\n<p>Bref, maintenant que le camion et nous sommes bien rod\u00e9s, il est temps de reprendre la route pour de bon. OK, mais pour partir o\u00f9 (non pas l\u00e0 :o), sachant qu&rsquo;on ne peut pas se permettre de prendre 2 mois de cong\u00e9s tous les ans&#8230; ?<\/p>\n<p>Il y a quelques mois, nous tombons sur un \u00e9pisode d&rsquo;Echapp\u00e9es Belles consacr\u00e9 \u00e0 la \u00ab\u00a0Route des Grandes Alpes\u00a0\u00bb (disponible <a href=\"https:\/\/www.google.ch\/url?sa=t&amp;rct=j&amp;q=&amp;esrc=s&amp;source=web&amp;cd=1&amp;cad=rja&amp;uact=8&amp;ved=0ahUKEwiAhJCjjaPOAhWGwBQKHfXcCDIQtwIIITAA&amp;url=https%3A%2F%2Fwww.youtube.com%2Fwatch%3Fv%3D2Z_IDsZx6Jw&amp;usg=AFQjCNFpzfQSz0THHY4To_MjWjUbKcEdug&amp;sig2=f4Owd0oLY4r-H5Om-pgUlA\">ici<\/a>). Cette route mythique traverse les alpes fran\u00e7aises du nord au sud, en partant de Thonon-les-Bains (c&rsquo;est une co\u00efncidence!) et en allant jusqu&rsquo;\u00e0 Menton ou Nice, le tout en traversant 16 cols dont 6 \u00e0 plus de 2000m d&rsquo;altitude&#8230; \u00a0Les images de l&rsquo;\u00e9mission sont incroyables. Ces paysages de montagnes, parfois compl\u00e8tement lunaires, nous semblent fantastiques. Et tout \u00e7a \u00e0 port\u00e9e de camion !<\/p>\n<p>C&rsquo;est d\u00e9cid\u00e9, ce sera notre prochaine destination.<\/p>\n<p>D\u00e9part dans 15 jours !<\/p>\n<p><img loading=\"lazy\" decoding=\"async\" class=\"aligncenter size-full wp-image-6060\" src=\"http:\/\/aplccorp.com\/voyages\/wp-content\/uploads\/2016\/08\/carte-gra.jpg\" alt=\"carte-gra\" width=\"534\" height=\"1000\" srcset=\"http:\/\/aplccorp.com\/voyages\/wp-content\/uploads\/2016\/08\/carte-gra.jpg 534w, http:\/\/aplccorp.com\/voyages\/wp-content\/uploads\/2016\/08\/carte-gra-160x300.jpg 160w\" sizes=\"auto, (max-width: 534px) 100vw, 534px\" \/><\/p>\n","protected":false},"excerpt":{"rendered":"<p>Au retour de Scandinavie, nous avons d\u00e9cid\u00e9 de garder le camion. Certes il est encombrant, consomme sa maman en diesel, et on n&rsquo;a toujours pas trouv\u00e9 d&#8217;emplacement pour le mettre \u00e0 l&rsquo;abri pendant l&rsquo;hiver. Mais c&rsquo;est quand m\u00eame le pied int\u00e9gral de pouvoir partir sur un coup de t\u00eate, sans planifier, sans r\u00e9server&#8230; Du coup, [&hellip;]<\/p>\n","protected":false},"author":1,"featured_media":6060,"comment_status":"open","ping_status":"open","sticky":false,"template":"","format":"gallery","meta":{"_jetpack_memberships_contains_paid_content":false,"footnotes":""},"categories":[20],"tags":[],"class_list":["post-6058","post","type-post","status-publish","format-gallery","has-post-thumbnail","hentry","category-route-des-grandes-alpes-2016","post_format-post-format-gallery"],"jetpack_featured_media_url":"http:\/\/aplccorp.com\/voyages\/wp-content\/uploads\/2016\/08\/carte-gra.jpg","jetpack_sharing_enabled":true,"_links":{"self":[{"href":"http:\/\/aplccorp.com\/voyages\/index.php?rest_route=\/wp\/v2\/posts\/6058","targetHints":{"allow":["GET"]}}],"collection":[{"href":"http:\/\/aplccorp.com\/voyages\/index.php?rest_route=\/wp\/v2\/posts"}],"about":[{"href":"http:\/\/aplccorp.com\/voyages\/index.php?rest_route=\/wp\/v2\/types\/post"}],"author":[{"embeddable":true,"href":"http:\/\/aplccorp.com\/voyages\/index.php?rest_route=\/wp\/v2\/users\/1"}],"replies":[{"embeddable":true,"href":"http:\/\/aplccorp.com\/voyages\/index.php?rest_route=%2Fwp%2Fv2%2Fcomments&post=6058"}],"version-history":[{"count":3,"href":"http:\/\/aplccorp.com\/voyages\/index.php?rest_route=\/wp\/v2\/posts\/6058\/revisions"}],"predecessor-version":[{"id":6062,"href":"http:\/\/aplccorp.com\/voyages\/index.php?rest_route=\/wp\/v2\/posts\/6058\/revisions\/6062"}],"wp:featuredmedia":[{"embeddable":true,"href":"http:\/\/aplccorp.com\/voyages\/index.php?rest_route=\/wp\/v2\/media\/6060"}],"wp:attachment":[{"href":"http:\/\/aplccorp.com\/voyages\/index.php?rest_route=%2Fwp%2Fv2%2Fmedia&parent=6058"}],"wp:term":[{"taxonomy":"category","embeddable":true,"href":"http:\/\/aplccorp.com\/voyages\/index.php?rest_route=%2Fwp%2Fv2%2Fcategories&post=6058"},{"taxonomy":"post_tag","embeddable":true,"href":"http:\/\/aplccorp.com\/voyages\/index.php?rest_route=%2Fwp%2Fv2%2Ftags&post=6058"}],"curies":[{"name":"wp","href":"https:\/\/api.w.org\/{rel}","templated":true}]}}