{"id":2848,"date":"2015-06-25T01:34:21","date_gmt":"2015-06-24T23:34:21","guid":{"rendered":"http:\/\/aplccorp.com\/voyages\/?p=2848"},"modified":"2015-06-25T01:34:21","modified_gmt":"2015-06-24T23:34:21","slug":"depart-dans-2-jours","status":"publish","type":"post","link":"http:\/\/aplccorp.com\/voyages\/?p=2848","title":{"rendered":"D\u00e9part dans 2 jours"},"content":{"rendered":"<p>Le d\u00e9part approche, les choses se pr\u00e9cisent et s&rsquo;acc\u00e9l\u00e8rent.<\/p>\n<p>Hier (mardi), nous avons (enfin) pu r\u00e9cup\u00e9rer le camion apr\u00e8s ces 2 semaines au garage. R\u00e9sultat des courses : d&rsquo;apr\u00e8s eux tout va bien. Ils n&rsquo;ont rien remarqu\u00e9 d&rsquo;anormal au niveau \u00e9lectrique. Ils nous conseillent n\u00e9anmoins d&rsquo;aller chez un sp\u00e9cialiste des batteries qui se trouve \u00e0 une trentaine de km d&rsquo;ici. \u00c7a tombe bien, j&rsquo;avais une r\u00e9union dans le coin hier soir. Je me suis point\u00e9 juste avant la fermeture. Ils ont jet\u00e9 un coup d\u2019\u0153il rapide, test\u00e9 la batterie, et eux aussi n&rsquo;ont rien vu.<\/p>\n<p>Notre probl\u00e8me \u00e9lectrique reste donc un myst\u00e8re. Si jamais quelqu&rsquo;un a une id\u00e9e, voici les sympt\u00f4mes :<\/p>\n<ul>\n<li>On est tomb\u00e9s en rade de batterie \u00e0 deux reprises :\n<ul>\n<li>Une premi\u00e8re fois le jour de l&rsquo;achat du camion, quand on a trop tir\u00e9 sur la batterie ne comprenant pas qu&rsquo;on \u00e9tait en panne d&rsquo;essence.<\/li>\n<li>une autre fois pour une raison inconnue (soit un court-circuit, soit on a trop tir\u00e9 sur quelque chose, ou alors Eden a appuy\u00e9 sur le bouton du frigo et il a tourn\u00e9 trop longtemps.<\/li>\n<\/ul>\n<\/li>\n<li>Sinon on a l&rsquo;impression que le frigo ne tourne pas du tout<\/li>\n<li>et r\u00e9cemment (hier soir), on a vu qu&rsquo;un des fusibles avait grill\u00e9 (celui qui commande le warning\u00a0et\u00a0l&rsquo;auto-radio notamment). Sachant que j&rsquo;ai ajout\u00e9 deux enceintes \u00e0 l&rsquo;avant, est ce qu&rsquo;il pourrait y avoir un lien ?<\/li>\n<li>et enfin, hier quand les gars ont test\u00e9 les batteries elles \u00e9taient \u00e0 14.6V. Et l\u00e0, quand je les teste je suis \u00e0 12,6V alors qu&rsquo;on n&rsquo;a rien consomm\u00e9 (j&rsquo;ai juste chang\u00e9 le fusible grill\u00e9 pendant quelques temps<\/li>\n<\/ul>\n<p>Bref, rien de dramatique, mais ce serait bien qu&rsquo;on soit fix\u00e9s avant de partir.<\/p>\n<p>A part ces consid\u00e9rations m\u00e9caniques et \u00e9lectriques, on a commenc\u00e9 \u00e0 pr\u00e9parer nos affaires (\u00e0 J-2 il \u00e9tait temps :).<\/p>\n<p>1\u00e8re \u00e9tape : tout \u00e9taler sur le lit et le clic-clac (en r\u00e9alit\u00e9, y&rsquo;a d\u00e9j\u00e0 pas mal de choses dans le camion&#8230; l\u00e0 c&rsquo;est juste quelques fringues et autres affaires)<\/p>\n<p><img loading=\"lazy\" decoding=\"async\" class=\"aligncenter size-full wp-image-2849\" src=\"http:\/\/aplccorp.com\/voyages\/wp-content\/uploads\/2015\/06\/unnamed1.jpg\" alt=\"unnamed1\" width=\"700\" height=\"525\" srcset=\"http:\/\/aplccorp.com\/voyages\/wp-content\/uploads\/2015\/06\/unnamed1.jpg 700w, http:\/\/aplccorp.com\/voyages\/wp-content\/uploads\/2015\/06\/unnamed1-300x225.jpg 300w, http:\/\/aplccorp.com\/voyages\/wp-content\/uploads\/2015\/06\/unnamed1-690x518.jpg 690w\" sizes=\"auto, (max-width: 700px) 100vw, 700px\" \/><\/p>\n<p><img loading=\"lazy\" decoding=\"async\" class=\"aligncenter size-full wp-image-2850\" src=\"http:\/\/aplccorp.com\/voyages\/wp-content\/uploads\/2015\/06\/unnamed2.jpg\" alt=\"unnamed2\" width=\"700\" height=\"525\" srcset=\"http:\/\/aplccorp.com\/voyages\/wp-content\/uploads\/2015\/06\/unnamed2.jpg 700w, http:\/\/aplccorp.com\/voyages\/wp-content\/uploads\/2015\/06\/unnamed2-300x225.jpg 300w, http:\/\/aplccorp.com\/voyages\/wp-content\/uploads\/2015\/06\/unnamed2-690x518.jpg 690w\" sizes=\"auto, (max-width: 700px) 100vw, 700px\" \/><\/p>\n<p>2\u00e8me \u00e9tape : commencer \u00e0 ranger dans le camion.<\/p>\n<p>3\u00e8me \u00e9tape : prier pour que tout rentre&#8230;<\/p>\n<p>Nous avons aussi profit\u00e9 de la soir\u00e9e pour peser les bouteilles de gaz. Celle de secours semble pleine. l&rsquo;autre semble \u00e0 3\/4 vide -&gt; On va aller la changer.<\/p>\n<p>Puis en fin de soir\u00e9e (vers minuit), quelques tests compl\u00e9mentaires avec la cam\u00e9ra de recul. il faut vraiment que je rep\u00e8re une masse et que je r\u00e9fl\u00e9chisse \u00e0 la fa\u00e7on de faire passer les c\u00e2bles sans que \u00e7a deviennent trop le bordel&#8230;<\/p>\n<p>&nbsp;<\/p>\n<p>Petite anecdote : Un de mes clients m&rsquo;appelle ce soir pour me demander \u00ab\u00a0si j&rsquo;\u00e9tais dispo en ce moment&#8230;\u00a0\u00bb J&rsquo;avais envie de lui r\u00e9pondre \u00ab\u00a0Peux-tu me donner la d\u00e9finition de &lsquo;en ce moment&rsquo; ? parce qu&rsquo;en fonction de ta r\u00e9ponse, ma r\u00e9ponse sera \u00e9galement diff\u00e9rente\u00a0\u00bb \ud83d\ude00<\/p>\n<p>Allez, au lit !<\/p>\n","protected":false},"excerpt":{"rendered":"<p>Le d\u00e9part approche, les choses se pr\u00e9cisent et s&rsquo;acc\u00e9l\u00e8rent. Hier (mardi), nous avons (enfin) pu r\u00e9cup\u00e9rer le camion apr\u00e8s ces 2 semaines au garage. R\u00e9sultat des courses : d&rsquo;apr\u00e8s eux tout va bien. Ils n&rsquo;ont rien remarqu\u00e9 d&rsquo;anormal au niveau \u00e9lectrique. Ils nous conseillent n\u00e9anmoins d&rsquo;aller chez un sp\u00e9cialiste des batteries qui se trouve \u00e0 [&hellip;]<\/p>\n","protected":false},"author":1,"featured_media":2850,"comment_status":"open","ping_status":"open","sticky":false,"template":"","format":"gallery","meta":{"_jetpack_memberships_contains_paid_content":false,"footnotes":""},"categories":[18],"tags":[],"class_list":["post-2848","post","type-post","status-publish","format-gallery","has-post-thumbnail","hentry","category-scandinavie-2015","post_format-post-format-gallery"],"jetpack_featured_media_url":"http:\/\/aplccorp.com\/voyages\/wp-content\/uploads\/2015\/06\/unnamed2.jpg","jetpack_sharing_enabled":true,"_links":{"self":[{"href":"http:\/\/aplccorp.com\/voyages\/index.php?rest_route=\/wp\/v2\/posts\/2848","targetHints":{"allow":["GET"]}}],"collection":[{"href":"http:\/\/aplccorp.com\/voyages\/index.php?rest_route=\/wp\/v2\/posts"}],"about":[{"href":"http:\/\/aplccorp.com\/voyages\/index.php?rest_route=\/wp\/v2\/types\/post"}],"author":[{"embeddable":true,"href":"http:\/\/aplccorp.com\/voyages\/index.php?rest_route=\/wp\/v2\/users\/1"}],"replies":[{"embeddable":true,"href":"http:\/\/aplccorp.com\/voyages\/index.php?rest_route=%2Fwp%2Fv2%2Fcomments&post=2848"}],"version-history":[{"count":1,"href":"http:\/\/aplccorp.com\/voyages\/index.php?rest_route=\/wp\/v2\/posts\/2848\/revisions"}],"predecessor-version":[{"id":2851,"href":"http:\/\/aplccorp.com\/voyages\/index.php?rest_route=\/wp\/v2\/posts\/2848\/revisions\/2851"}],"wp:featuredmedia":[{"embeddable":true,"href":"http:\/\/aplccorp.com\/voyages\/index.php?rest_route=\/wp\/v2\/media\/2850"}],"wp:attachment":[{"href":"http:\/\/aplccorp.com\/voyages\/index.php?rest_route=%2Fwp%2Fv2%2Fmedia&parent=2848"}],"wp:term":[{"taxonomy":"category","embeddable":true,"href":"http:\/\/aplccorp.com\/voyages\/index.php?rest_route=%2Fwp%2Fv2%2Fcategories&post=2848"},{"taxonomy":"post_tag","embeddable":true,"href":"http:\/\/aplccorp.com\/voyages\/index.php?rest_route=%2Fwp%2Fv2%2Ftags&post=2848"}],"curies":[{"name":"wp","href":"https:\/\/api.w.org\/{rel}","templated":true}]}}