{"id":21,"count":9,"description":"Voyage d'une semaine \u00e0 Majorque r\u00e9alis\u00e9 en f\u00e9vrier 2017","link":"http:\/\/aplccorp.com\/voyages\/?cat=21","name":"Majorque 2017","slug":"majorque-2017","taxonomy":"category","parent":0,"meta":[],"_links":{"self":[{"href":"http:\/\/aplccorp.com\/voyages\/index.php?rest_route=\/wp\/v2\/categories\/21","targetHints":{"allow":["GET"]}}],"collection":[{"href":"http:\/\/aplccorp.com\/voyages\/index.php?rest_route=\/wp\/v2\/categories"}],"about":[{"href":"http:\/\/aplccorp.com\/voyages\/index.php?rest_route=\/wp\/v2\/taxonomies\/category"}],"wp:post_type":[{"href":"http:\/\/aplccorp.com\/voyages\/index.php?rest_route=%2Fwp%2Fv2%2Fposts&categories=21"}],"curies":[{"name":"wp","href":"https:\/\/api.w.org\/{rel}","templated":true}]}}